{"id":8968,"date":"2025-04-11T09:06:14","date_gmt":"2025-04-11T07:06:14","guid":{"rendered":"https:\/?p=8968"},"modified":"2026-08-28T09:37:02","modified_gmt":"2026-08-28T07:37:02","slug":"maquillaje-a-domicilio-en-ensanche-valencia","status":"publish","type":"post","link":"https:\/\/momentodemaquillaje.com\/en\/maquillaje-a-domicilio-en-ensanche-valencia\/","title":{"rendered":"Makeup at home in Ensanche, Valencia: Spring styles for fresh skin"},"content":{"rendered":"\n<div class=\"wp-block-stackable-columns alignwide stk-block-columns stk-block stk-46f3136\" data-block-id=\"46f3136\"><style>.stk-46f3136 {margin-top:0px !important;top:20px !important;}<\/style><div class=\"stk-row stk-inner-blocks stk-block-content stk-content-align stk-46f3136-column alignwide\">\n<div class=\"wp-block-stackable-column stk-block-column stk-column stk-block stk-fc9804e\" data-v=\"4\" data-block-id=\"fc9804e\"><style>@media screen and (min-width:690px){.stk-fc9804e {flex:var(--stk-flex-grow, 1) 1 calc(66.667% - var(--stk-column-gap, 0px) * 1 \/ 2 ) !important;}}<\/style><div class=\"stk-column-wrapper stk-block-column__content stk-container stk-fc9804e-container stk--no-background stk--no-padding\"><div class=\"stk-block-content stk-inner-blocks stk-fc9804e-inner-blocks\">\n<p class=\"wp-block-paragraph\"><strong>\u00a1Bienvenida, primavera! Y bienvenida tambi\u00e9n esa piel que se ve radiante (sin esfuerzo)<\/strong><\/p>\n\n\n\n<p class=\"wp-block-paragraph\">\u00a1Hola, hola! \ud83c\udf38<\/p>\n\n\n\n<p class=\"wp-block-paragraph\">Con la primavera ya bien instalada en Valencia, esa luz bonita, los d\u00edas m\u00e1s largos y las ganas de hacer planes al aire libre nos invitan a cambiar un poco el chip. Y, c\u00f3mo no, tambi\u00e9n el maquillaje.<\/p>\n\n\n\n<p class=\"wp-block-paragraph\">Personalmente, esta \u00e9poca me encanta porque me da pie a trabajar looks mucho m\u00e1s ligeros, naturales y con ese toque de frescura que parece que viene de dentro. Y s\u00ed, lo confieso: cuando quiero verme bien sin complicaciones, nada me gusta m\u00e1s que poder disfrutar del <strong><a href=\"https:\/\/momentodemaquillaje.com\/maquillaje-domicilio-valencia\/\">maquillaje a domicilio<\/a> en Ensanche, Valencia<\/strong>.<\/p>\n\n\n\n<h2 id=\"que-es-el-maquillaje-natural-para-bodas\" class=\"wp-block-heading\"><strong><strong><strong>\u00bfPor qu\u00e9 elijo (y recomiendo) el maquillaje a domicilio?<\/strong><\/strong><\/strong><\/h2>\n\n\n\n<p class=\"wp-block-paragraph\">Porque no hay nada m\u00e1s c\u00f3modo. Te quedas en casa, te relajas, te pones tu playlist favorita, y mientras tanto, llega alguien que te entiende, que trae todo lo necesario y que sabe exactamente c\u00f3mo ayudarte a sacarte partido\u2026 sin prisas, sin moverte, sin estr\u00e9s.<\/p>\n\n\n\n<p class=\"wp-block-paragraph\">Adem\u00e1s, en primavera la piel suele necesitar un poquito m\u00e1s de mimo. Por eso siempre apuesto por productos ligeros, texturas suaves y tonos que dejen respirar la piel pero que realzan la luz natural. Si adem\u00e1s adaptamos el look a tu estilo personal, el resultado es de 10 (y sin sentir que vas \u201cdemasiado maquillada\u201d).<\/p>\n\n\n\n<div class=\"wp-block-stackable-call-to-action stk-block-call-to-action stk-block stk-feddab9 is-style-default\" data-v=\"2\" data-block-id=\"feddab9\"><style>.stk-feddab9 {border-top-left-radius:8px !important;border-top-right-radius:8px !important;border-bottom-right-radius:8px !important;border-bottom-left-radius:8px !important;overflow:hidden !important;}<\/style><div class=\"stk-block-call-to-action__content stk-content-align stk-feddab9-column stk-container stk-feddab9-container stk-hover-parent\"><div class=\"has-text-align-center stk-block-content stk-inner-blocks stk-feddab9-inner-blocks\">\n<div class=\"wp-block-buttons is-content-justification-center is-layout-flex wp-container-core-buttons-is-layout-fe0a7de2 wp-block-buttons-is-layout-flex\">\n<div class=\"wp-block-button\"><a class=\"wp-block-button__link wp-element-button\" href=\"#contacto\">Reserva tu Sesion Hoy<\/a><\/div>\n<\/div>\n<\/div><\/div><\/div>\n\n\n\n<h3 id=\"pasos-clave-para-un-maquillaje-natural-perfecto\" class=\"wp-block-heading\"><strong><strong><strong>Mis ideas favoritas para un maquillaje primaveral fresco y favorecedor<\/strong><\/strong><\/strong><\/h3>\n\n\n\n<p class=\"wp-block-paragraph\">En esta \u00e9poca del a\u00f1o, menos es m\u00e1s. Aqu\u00ed te comparto algunos de mis imprescindibles cuando trabajo un look primaveral a domicilio para mis clientas del Ensanche (o para m\u00ed misma, porque yo tambi\u00e9n me mimo \ud83d\ude0c):<\/p>\n\n\n\n<p class=\"wp-block-paragraph\"><strong>1. Piel con acabado natural y glow<\/strong><\/p>\n\n\n\n<p class=\"wp-block-paragraph\">Nada de recargar. Prefiero usar bases ligeras que igualan el tono sin tapar la piel. Un poco de corrector aqu\u00ed y all\u00e1, y un iluminador suave en los puntos estrat\u00e9gicos\u2026 \u00a1y listo! Piel jugosa sin esfuerzo.<\/p>\n\n\n\n<p class=\"wp-block-paragraph\"><strong>2. Rubor en crema (el efecto \u201cme ha dado el sol\u201d)<\/strong><\/p>\n\n\n\n<p class=\"wp-block-paragraph\">Soy muy fan de los coloretes en crema. Se integran mejor, se difuminan f\u00e1cil y dejan ese aspecto saludable que tanto nos gusta en primavera.<\/p>\n\n\n\n<p class=\"wp-block-paragraph\"><strong>3. Labios frescos y brillantes<\/strong><\/p>\n\n\n\n<p class=\"wp-block-paragraph\">Aqu\u00ed no hay normas fijas: un gloss con color, un b\u00e1lsamo con un toque rosado, o incluso un coral suave. Lo importante es que se vean hidratados y con vida.<\/p>\n\n\n\n<p class=\"wp-block-paragraph\"><strong>4. Cejas cuidadas pero suaves<\/strong><\/p>\n\n\n\n<p class=\"wp-block-paragraph\">Nada exagerado. Solo las peino, defino un poco y les doy forma para que acompa\u00f1en el rostro sin robar protagonismo.<\/p>\n\n\n\n<h2 id=\"confia-en-profesionales-para-un-resultado-impecable\" class=\"wp-block-heading\"><strong><strong><strong>\u00bfEst\u00e1s buscando maquillaje a domicilio cerca de ti en Ensanche, Valencia?<\/strong><\/strong><\/strong><\/h2>\n\n\n\n<p class=\"wp-block-paragraph\">Si est\u00e1s por el barrio (o cerquita) y quieres un look que te acompa\u00f1e esta primavera, te cuento que en <strong>MomentodeMaquillaje.com<\/strong> me encanta ofrecer este servicio con much\u00edsimo cari\u00f1o y atenci\u00f3n al detalle.<\/p>\n\n\n\n<p class=\"wp-block-paragraph\">Me desplazo hasta donde est\u00e9s, llevo todos los productos y pinceles, y trabajamos juntas ese estilo natural y fresco que tanto apetece en esta temporada. Ya sea para un evento, una comida especial, una cita o simplemente porque te apetece mimarte un poquito\u2026 \u00a1aqu\u00ed estoy para ayudarte!<\/p>\n\n\n\n<div class=\"wp-block-stackable-call-to-action stk-block-call-to-action stk-block stk-e093812 is-style-default\" data-v=\"2\" data-block-id=\"e093812\"><style>.stk-e093812 {border-top-left-radius:8px !important;border-top-right-radius:8px !important;border-bottom-right-radius:8px !important;border-bottom-left-radius:8px !important;overflow:hidden !important;}<\/style><div class=\"stk-block-call-to-action__content stk-content-align stk-e093812-column stk-container stk-e093812-container stk-hover-parent\"><div class=\"has-text-align-center stk-block-content stk-inner-blocks stk-e093812-inner-blocks\">\n<div class=\"wp-block-buttons is-content-justification-center is-layout-flex wp-container-core-buttons-is-layout-fe0a7de2 wp-block-buttons-is-layout-flex\">\n<div class=\"wp-block-button\"><a class=\"wp-block-button__link wp-element-button\" href=\"#contacto\">Reserva tu Sesion Hoy<\/a><\/div>\n<\/div>\n<\/div><\/div><\/div>\n\n\n\n<h2 id=\"confia-en-profesionales-para-un-resultado-impecable\" class=\"wp-block-heading\"><strong><strong><strong>Otros servicios que tambi\u00e9n ofrezco en Ensanche, Valencia<\/strong><\/strong><\/strong><\/h2>\n\n\n\n<p class=\"wp-block-paragraph\">Adem\u00e1s del maquillaje primaveral a domicilio, tambi\u00e9n puedes contar conmigo para:<\/p>\n\n\n\n<p class=\"wp-block-paragraph\">\u2022 <a href=\"https:\/\/momentodemaquillaje.com\/maquillaje-para-bodas-valencia\/\">Maquillaje para novias<\/a><\/p>\n\n\n\n<p class=\"wp-block-paragraph\">\u2022 <a href=\"https:\/\/momentodemaquillaje.com\/maquillaje-de-fiesta-y-eventos-valencia\/\">Maquillaje para eventos y celebraciones<\/a><\/p>\n\n\n\n<p class=\"wp-block-paragraph\">\u2022 <a href=\"https:\/\/momentodemaquillaje.com\/maquillaje-sesion-de-fotos\/\">Maquillaje para sesiones de fotos<\/a>\u00a0<\/p>\n\n\n\n<p class=\"wp-block-paragraph\">\u2022 <a href=\"https:\/\/momentodemaquillaje.com\/curso-automaquillaje-valencia\/\">Clases de automaquillaje<\/a> personalizadas<\/p>\n\n\n\n<p class=\"wp-block-paragraph\">\u2022 Maquillaje masculino<\/p>\n\n\n\n<p class=\"wp-block-paragraph\">\u2022 Peluquer\u00eda de eventos&nbsp;<\/p>\n\n\n\n<p class=\"wp-block-paragraph\">Y s\u00ed, todos estos servicios los ofrezco a domicilio tambi\u00e9n, para que puedas cuidarte sin tener que desplazarte.<\/p>\n\n\n\n<p class=\"wp-block-paragraph\">As\u00ed que si esta primavera te apetece un cambio, sentirte m\u00e1s luminosa, o simplemente regalarte un ratito solo para ti, el <strong>maquillaje a domicilio en Ensanche, Valencia<\/strong> puede ser justo lo que necesitas.<\/p>\n\n\n\n<p class=\"wp-block-paragraph\">Yo ya lo tengo integrado como parte de mi forma de cuidarme. Y t\u00fa, \u00bfte animas a probarlo? \ud83c\udf3c\ud83d\udc84<\/p>\n<\/div><\/div><\/div>\n\n\n\n<div class=\"wp-block-stackable-column stk-block-column stk-column stk-block stk-e59b38a\" data-v=\"4\" data-block-id=\"e59b38a\"><style>.stk-e59b38a-container{margin-top:12px !important;margin-right:12px !important;margin-bottom:12px !important;margin-left:12px !important;min-height:0px !important;padding-top:0px !important;}.stk-e59b38a {align-self:flex-start !important;margin-top:0px !important;top:140px !important;position:sticky !important;z-index:1 !important;}.stk-e59b38a-inner-blocks{row-gap:0px !important;}@media screen and (min-width:690px){.stk-e59b38a {flex:var(--stk-flex-grow, 1) 1 calc(33.333% - var(--stk-column-gap, 0px) * 1 \/ 2 ) !important;}}@media screen and (max-width:689px){.stk-e59b38a {position:static !important;}}<\/style><div class=\"stk-column-wrapper stk-block-column__content stk-container stk-e59b38a-container stk--no-background stk--no-padding\"><div class=\"stk-block-content stk-inner-blocks stk-e59b38a-inner-blocks\">\n<figure class=\"wp-block-image size-full has-custom-border\" style=\"margin-top:0;margin-bottom:0\"><img loading=\"lazy\" decoding=\"async\" width=\"768\" height=\"600\" src=\"http:\/\/momentodemaquillaje.com\/wp-content\/uploads\/2024\/12\/Maquilladora-Valencia_hero_mobile.webp\" alt=\"Maquillaje a domicilio en Russafa con Madalina Ghizdeanu\" class=\"wp-image-8151\" style=\"border-style:none;border-width:0px;border-radius:10px\" srcset=\"https:\/\/momentodemaquillaje.com\/wp-content\/uploads\/2024\/12\/Maquilladora-Valencia_hero_mobile.webp 768w, https:\/\/momentodemaquillaje.com\/wp-content\/uploads\/2024\/12\/Maquilladora-Valencia_hero_mobile-300x234.webp 300w, https:\/\/momentodemaquillaje.com\/wp-content\/uploads\/2024\/12\/Maquilladora-Valencia_hero_mobile-15x12.webp 15w\" sizes=\"auto, (max-width: 768px) 100vw, 768px\" \/><\/figure>\n\n\n<div style=\"border-top-left-radius:15px;border-top-right-radius:15px;border-bottom-left-radius:15px;border-bottom-right-radius:15px;border-style:none;border-width:0px;padding-top:var(--wp--preset--spacing--20);padding-bottom:var(--wp--preset--spacing--20);padding-left:var(--wp--preset--spacing--30);padding-right:var(--wp--preset--spacing--30);margin-top:var(--wp--preset--spacing--40);margin-bottom:var(--wp--preset--spacing--40)\" class=\"wp-block-post-author has-background has-palette-color-8-background-color has-medium-font-size\"><div class=\"wp-block-post-author__content\"><p class=\"wp-block-post-author__byline\">Escrito por Madalina Ghizdeanu | Fundadora y Experta en Maquillaje y Peluqueria en Valencia<\/p><p class=\"wp-block-post-author__name\"><a href=\"https:\/\/momentodemaquillaje.com\/en\/author\/madalina\/\" target=\"_blank\">Madalina Ghizdeanu<\/a><\/p><p class=\"wp-block-post-author__bio\"><strong>Madalina Ghizdeanu<\/strong> es una experta en maquillaje y peluquer\u00eda con m\u00e1s de 8 a\u00f1os de trayectoria y certificaci\u00f3n nacional e internacional.\r\n\r\nCon una s\u00f3lida experiencia en el mundo del cine y el teatro, ha trasladado la precisi\u00f3n y durabilidad del maquillaje esc\u00e9nico al \u00e1mbito del <strong>maquillaje social especializado<\/strong>.\r\n\r\nComo fundadora de <strong>Momento de Maquillaje<\/strong>, ofrece servicios de <strong>maquillaje a domicilio para novias<\/strong>, gala y eventos en <strong>Valencia<\/strong>, aplicando su conocimiento t\u00e9cnico en iluminaci\u00f3n y caracterizaci\u00f3n para lograr resultados impecables tanto en persona como ante la c\u00e1mara.\r\n\r\nSigue sus transformaciones y consejos profesionales en Instagram:\r\n<a href=\"https:\/\/www.instagram.com\/momentodemaquillaje\/\" target=\"_blank\" rel=\"noopener\">@momentodemaquillaje<\/a>.<\/p><\/div><\/div>\n\n\n<nav class=\"wp-block-stackable-table-of-contents stk-block-table-of-contents stk-block stk-9d58e55 stk-block-background\" data-block-id=\"9d58e55\"><style>.stk-9d58e55 ol{list-style-type:decimal !important;}.stk-9d58e55 .stk-table-of-contents__table{column-count:1 !important;}.stk-9d58e55 li{margin-bottom:2px !important;}.stk-9d58e55 .stk-table-of-contents__table ul{margin-top:2px !important;}.stk-9d58e55 ul, .stk-9d58e55 ol{padding-left:16px !important;}.stk-9d58e55 li, .stk-9d58e55 ul li a, .stk-9d58e55 ol li a{color:#000000 !important;}.stk-9d58e55 .stk-table-of-contents__title{font-size:22px !important;font-weight:bold !important;font-style:normal !important;}.stk-9d58e55 {background-color:var(--theme-palette-color-8, #ffffff) !important;border-top-left-radius:10px !important;border-top-right-radius:10px !important;border-bottom-right-radius:10px !important;border-bottom-left-radius:10px !important;overflow:hidden !important;box-shadow:0px 10px 30px #0000000d !important;margin-top:24px !important;top:0px !important;position:sticky !important;}.stk-9d58e55:before{background-color:var(--theme-palette-color-8, #ffffff) !important;}@media screen and (max-width:999px){.stk-9d58e55 .stk-table-of-contents__title{font-size:22px !important;}}<\/style><p class=\"stk-table-of-contents__title\">\u00cdndice de Contenidos<\/p><ol class=\"stk-table-of-contents__table has-text-color\"><li><a href=\"#que-es-el-maquillaje-natural-para-bodas\">\u00bfPor qu\u00e9 elijo (y recomiendo) el maquillaje a domicilio?<\/a><\/li><li><a href=\"#confia-en-profesionales-para-un-resultado-impecable\">\u00bfEst\u00e1s buscando maquillaje a domicilio cerca de ti en Ensanche, Valencia?<\/a><\/li><li><a href=\"#confia-en-profesionales-para-un-resultado-impecable\">Otros servicios que tambi\u00e9n ofrezco en Ensanche, Valencia<\/a><\/li><\/ol><\/nav>\n\n\n\n<div class=\"wp-block-stackable-call-to-action stk-block-call-to-action stk-block stk-0cf6aa5 is-style-default\" data-v=\"2\" data-block-id=\"0cf6aa5\"><style>.stk-0cf6aa5 {border-top-left-radius:8px !important;border-top-right-radius:8px !important;border-bottom-right-radius:8px !important;border-bottom-left-radius:8px !important;overflow:hidden !important;}<\/style><div class=\"stk-block-call-to-action__content stk-content-align stk-0cf6aa5-column stk-container stk-0cf6aa5-container stk-hover-parent\"><div class=\"has-text-align-center stk-block-content stk-inner-blocks stk-0cf6aa5-inner-blocks\">\n<div class=\"wp-block-buttons is-content-justification-center is-layout-flex wp-container-core-buttons-is-layout-fe0a7de2 wp-block-buttons-is-layout-flex\">\n<div class=\"wp-block-button\"><a class=\"wp-block-button__link wp-element-button\" href=\"#contacto\">Reserva tu Sesion Hoy<\/a><\/div>\n<\/div>\n<\/div><\/div><\/div>\n\n\n\n<div class=\"wp-block-stackable-map stk-block-map stk-block stk-f57f49a\" data-block-id=\"f57f49a\"><style>.stk-f57f49a .stk-block-map__canvas, .stk-f57f49a iframe{height:350px !important;}.stk-f57f49a {border-top-left-radius:10px !important;border-top-right-radius:10px !important;border-bottom-right-radius:10px !important;border-bottom-left-radius:10px !important;overflow:hidden !important;}<\/style><iframe\n\t\t\t\t\t\ttitle=\"Embedded content from Google Maps Platform.\"\n\t\t\t\t\t\tsrc=\"https:\/\/maps.google.com\/maps?q=l example&#038;t=&#038;z=14&#038;ie=UTF8&#038;output=embed\"\n\t\t\t\t\t\tstyle=\"border:0;width:100%;max-width:none;max-height:none;height:100%;\"\n\t\t\t\t\t\taria-hidden=\"false\"\n\t\t\t\t\t\ttabIndex=\"0\"\n\t\t\t\t\t\tallowfullscreen\n\t\t\t\t\t\tloading=\"lazy\"\n\t\t\t\t\t\tframeBorder=\"0\"\n\t\t\t\t\t><\/iframe><\/div>\n<\/div><\/div><\/div>\n<\/div><\/div>\n\n\n\n<div class=\"wp-block-stackable-columns alignfull stk-block-columns stk-block stk-ce31244\" id=\"contacto\" data-block-id=\"ce31244\"><style>.stk-ce31244 {padding-top:0px !important;padding-right:0px !important;padding-bottom:0px !important;padding-left:0px !important;margin-bottom:0px !important;overflow:visible !important;}.stk-ce31244 .stk-container{overflow:visible !important;}<\/style><div class=\"stk-row stk-inner-blocks stk-block-content stk-content-align stk-ce31244-column alignwide\">\n<div class=\"wp-block-stackable-column stk-block-column stk-column stk-block stk-5933707\" data-v=\"4\" data-block-id=\"5933707\"><style>.stk-5933707-container{margin-top:0px !important;margin-right:0px !important;margin-bottom:0px !important;margin-left:0px !important;border-top-left-radius:10px !important;border-top-right-radius:10px !important;border-bottom-right-radius:10px !important;border-bottom-left-radius:10px !important;overflow:hidden !important;box-shadow:0px 20px 80px 0px #c1c7d440 !important;padding-top:8% !important;padding-right:20% !important;padding-bottom:8% !important;padding-left:20% !important;}@media screen and (max-width:999px){.stk-5933707-container{padding-top:8% !important;padding-right:8% !important;padding-bottom:8% !important;padding-left:8% !important;}}@media screen and (max-width:689px){.stk-5933707-container{padding-top:10% !important;padding-right:10% !important;padding-bottom:10% !important;padding-left:10% !important;}}<\/style><div class=\"stk-column-wrapper stk-block-column__content stk-container stk-5933707-container stk-hover-parent\"><div class=\"stk-block-content stk-inner-blocks stk-5933707-inner-blocks\">\n<h3 class=\"wp-block-heading\"><strong>Cont\u00e1ctame para una Consulta Gratuita<\/strong><\/h3>\n\n\n\n<p class=\"has-35-font-size wp-block-paragraph\" style=\"border-radius:0px\">No importa si buscas maquillaje para un d\u00eda especial o una producci\u00f3n profesional en Valencia, estoy aqu\u00ed para ayudarte. Cont\u00e1ctame para m\u00e1s informaci\u00f3n.<\/p>\n\n\n\n<div class=\"wp-block-stackable-columns stk-block-columns stk-block stk-b09b78d\" data-block-id=\"b09b78d\"><style>.stk-b09b78d .stk--block-align-b09b78d{align-items:center !important;}.stk-b09b78d {margin-bottom:22px !important;}.stk-b09b78d-column{justify-content:center !important;}<\/style><div class=\"stk-row stk-inner-blocks has-text-align-center stk--block-align-b09b78d stk-block-content stk-content-align stk-b09b78d-column stk--flex\">\n<div class=\"wp-block-stackable-column stk-block-column stk-column stk-block stk-294dd71\" data-v=\"4\" data-block-id=\"294dd71\"><div class=\"stk-column-wrapper stk-block-column__content stk-container stk-294dd71-container stk--no-background stk--no-padding\"><div class=\"stk-block-content stk-inner-blocks stk-294dd71-inner-blocks\"><div class=\"ct-block-wrapper\">\n<div class=\"ct-contact-info-block \" style=\"--theme-icon-size:20px;--background-color:rgba(218, 222, 228, 0.5);--background-hover-color:rgba(218, 222, 228, 0.7);font-size:13px;\">\n\t\t<ul data-icons-type=\"rounded:outline\">\n\t\t\t\t\t\t\t\t\t\t\t<li class=\"\">\n\t\t\t\t\t<span class=\"ct-icon-container\"><svg width=\"18\" height=\"18\" viewBox=\"0 0 20 20\" aria-hidden=\"true\"><path d=\"M10,0C4.5,0,0,4.5,0,10s4.5,10,10,10s10-4.5,10-10S15.5,0,10,0z M10,18.2c-4.5,0-8.2-3.7-8.2-8.2c0-4.5,3.7-8.2,8.2-8.2c4.5,0,8.2,3.7,8.2,8.2C18.2,14.5,14.5,18.2,10,18.2z M14.4,12.2c-0.2,0.3-0.5,0.5-0.8,0.5c-0.1,0-0.3,0-0.4-0.1l-3.6-1.8c-0.3-0.2-0.5-0.5-0.5-0.8V4.5C9.1,4,9.5,3.6,10,3.6s0.9,0.4,0.9,0.9v4.9L14,11C14.5,11.2,14.7,11.8,14.4,12.2z\"\/><\/svg><\/span>\n\t\t\t\t\t\t\t\t\t\t\t<div class=\"contact-info\">\n\t\t\t\t\t\t\t\t\t\t\t\t\t\t\t<span class=\"contact-title\">\n\t\t\t\t\t\t\t\t\tAbierto\t\t\t\t\t\t\t\t<\/span>\n\t\t\t\t\t\t\t\n\t\t\t\t\t\t\t\t\t\t\t\t\t\t\t<span class=\"contact-text\">\n\t\t\t\t\t\t\t\t\t\n\t\t\t\t\t\t\t\t\t9AM &#8211; 9PM\n\t\t\t\t\t\t\t\t\t\t\t\t\t\t\t\t\t<\/span>\n\t\t\t\t\t\t\t\t\t\t\t\t\t<\/div>\n\t\t\t\t\t\t\t\t\t<\/li>\n\t\t\t\t\t\t\t\t\t\t\t<li class=\"\">\n\t\t\t\t\t<span class=\"ct-icon-container\"><svg width=\"18\" height=\"18\" viewBox=\"0 0 20 20\" aria-hidden=\"true\"><path d=\"M13.5,20H6.5c-1.6,0-2.9-1.3-2.9-2.9V2.9C3.5,1.3,4.8,0,6.5,0h7.1c1.6,0,2.9,1.3,2.9,2.9v14.1C16.5,18.7,15.2,20,13.5,20zM6.7,1.7C5.8,1.7,5,2.5,5,3.4v13.2c0,0.9,0.7,1.7,1.7,1.7h6.6c0.9,0,1.7-0.7,1.7-1.7V3.4c0-0.9-0.7-1.7-1.7-1.7H6.7z\"\/><path d=\"M11.2,4.4H8.8c-0.3,0-0.6-0.3-0.6-0.6s0.3-0.6,0.6-0.6h2.4c0.3,0,0.6,0.3,0.6,0.6S11.5,4.4,11.2,4.4z\"\/><circle cx=\"10\" cy=\"15.7\" r=\"1.2\"\/><\/svg><\/span>\n\t\t\t\t\t\t\t\t\t\t\t<div class=\"contact-info\">\n\t\t\t\t\t\t\t\t\t\t\t\t\t\t\t<span class=\"contact-title\">\n\t\t\t\t\t\t\t\t\tTel\u00e9fono:\t\t\t\t\t\t\t\t<\/span>\n\t\t\t\t\t\t\t\n\t\t\t\t\t\t\t\t\t\t\t\t\t\t\t<span class=\"contact-text\">\n\t\t\t\t\t\t\t\t\t\t\t\t\t\t\t\t\t\t\t<a href=\"tel:+34607016476\" rel=\"nofollow\">\n\t\t\t\t\t\t\t\t\t\n\t\t\t\t\t\t\t\t\t+34 607 01 64 76\n\t\t\t\t\t\t\t\t\t\t\t\t\t\t\t\t\t\t\t<\/a>\n\t\t\t\t\t\t\t\t\t\t\t\t\t\t\t\t\t<\/span>\n\t\t\t\t\t\t\t\t\t\t\t\t\t<\/div>\n\t\t\t\t\t\t\t\t\t<\/li>\n\t\t\t\t\t\t\t\t\t\t\t<li class=\"\">\n\t\t\t\t\t<span class=\"ct-icon-container\"><svg width=\"18\" height=\"18\" viewBox=\"0 0 20 20\" aria-hidden=\"true\"><path d=\"M10,0C4.5,0,0,4.5,0,10s4.5,10,10,10h5v-2h-5c-4.4,0-8-3.6-8-8s3.6-8,8-8s8,3.6,8,8v1.5c0,0.8-0.7,1.5-1.5,1.5S15,12.3,15,11.5V10c0-2.7-2.3-5-5-5s-5,2.3-5,5s2.3,5,5,5c1.4,0,2.7-0.6,3.6-1.6c0.6,0.9,1.7,1.6,2.9,1.6c1.9,0,3.5-1.6,3.5-3.5V10C20,4.5,15.5,0,10,0zM10,7c1.7,0,3,1.3,3,3s-1.3,3-3,3s-3-1.3-3-3S8.3,7,10,7z\"\/><\/svg><\/span>\n\t\t\t\t\t\t\t\t\t\t\t<div class=\"contact-info\">\n\t\t\t\t\t\t\t\t\t\t\t\t\t\t\t<span class=\"contact-title\">\n\t\t\t\t\t\t\t\t\tCorreo\t\t\t\t\t\t\t\t<\/span>\n\t\t\t\t\t\t\t\n\t\t\t\t\t\t\t\t\t\t\t\t\t\t\t<span class=\"contact-text\">\n\t\t\t\t\t\t\t\t\t\t\t\t\t\t\t\t\t\t\t<a href=\"mailto:&#099;o&#110;&#116;a&#099;t&#064;yourw&#101;&#098;si&#116;&#101;.co&#109;\" rel=\"nofollow\">\n\t\t\t\t\t\t\t\t\t\n\t\t\t\t\t\t\t\t\tc&#111;n&#116;a&#99;&#116;&#64;\n\t\t\t\t\t\t\t\t\t\t\t\t\t\t\t\t\t\t\t<\/a>\n\t\t\t\t\t\t\t\t\t\t\t\t\t\t\t\t\t<\/span>\n\t\t\t\t\t\t\t\t\t\t\t\t\t<\/div>\n\t\t\t\t\t\t\t\t\t<\/li>\n\t\t\t\t\t<\/ul>\n\n\t\t<\/div>\n<\/div><\/div><\/div><\/div>\n<\/div><\/div>\n\n\n<div class=\"wpforms-container wpforms-block wpforms-block-b0b2259d-076c-471d-870e-6c2373ba5d33 ct-custom-button ct-align-center ct-custom-spacing wpforms-render-modern\" id=\"wpforms-205\"><form id=\"wpforms-form-205\" class=\"wpforms-validate wpforms-form\" data-formid=\"205\" method=\"post\" enctype=\"multipart\/form-data\" action=\"\/en\/wp-json\/wp\/v2\/posts\/8968\" data-token=\"2f0997491ae4e02d53f7d6227f55f052\" data-token-time=\"1788514649\"><noscript class=\"wpforms-error-noscript\">Please enable JavaScript in your browser to complete this form.<\/noscript><div id=\"wpforms-error-noscript\" style=\"display: none;\">Please enable JavaScript in your browser to complete this form.<\/div><div class=\"wpforms-field-container\"><div id=\"wpforms-205-field_0-container\" class=\"wpforms-field wpforms-field-name wpforms-one-third wpforms-first\" data-field-id=\"0\"><label class=\"wpforms-field-label wpforms-label-hide\" for=\"wpforms-205-field_0\" aria-hidden=\"false\">Nombre <span class=\"wpforms-required-label\" aria-hidden=\"true\">*<\/span><\/label><input type=\"text\" id=\"wpforms-205-field_0\" class=\"wpforms-field-large wpforms-field-required\" name=\"wpforms[fields][0]\" placeholder=\"Nombre\" aria-errormessage=\"wpforms-205-field_0-error\" required><\/div>\t\t<div id=\"wpforms-205-field_3-container\"\n\t\t\tclass=\"wpforms-field wpforms-field-text\"\n\t\t\tdata-field-type=\"text\"\n\t\t\tdata-field-id=\"3\"\n\t\t\t>\n\t\t\t<label class=\"wpforms-field-label\" for=\"wpforms-205-field_3\" >Mensaje Telefono Correo<\/label>\n\t\t\t<input type=\"text\" id=\"wpforms-205-field_3\" class=\"wpforms-field-medium\" name=\"wpforms[fields][3]\" >\n\t\t<\/div>\n\t\t<div id=\"wpforms-205-field_1-container\" class=\"wpforms-field wpforms-field-email wpforms-one-third\" data-field-id=\"1\"><label class=\"wpforms-field-label wpforms-label-hide\" for=\"wpforms-205-field_1\" aria-hidden=\"false\">Correo <span class=\"wpforms-required-label\" aria-hidden=\"true\">*<\/span><\/label><input type=\"email\" id=\"wpforms-205-field_1\" class=\"wpforms-field-large wpforms-field-required\" name=\"wpforms[fields][1]\" placeholder=\"Correo\" spellcheck=\"false\" aria-errormessage=\"wpforms-205-field_1-error\" required><\/div><div id=\"wpforms-205-field_6-container\" class=\"wpforms-field wpforms-field-text wpforms-one-third\" data-field-id=\"6\"><label class=\"wpforms-field-label wpforms-label-hide\" for=\"wpforms-205-field_6\" aria-hidden=\"false\">Telefono<\/label><input type=\"text\" id=\"wpforms-205-field_6\" class=\"wpforms-field-large\" name=\"wpforms[fields][6]\" placeholder=\"Tel\u00e9fono\" aria-errormessage=\"wpforms-205-field_6-error\" ><\/div><div id=\"wpforms-205-field_2-container\" class=\"wpforms-field wpforms-field-textarea wpforms-first\" data-field-id=\"2\"><label class=\"wpforms-field-label wpforms-label-hide\" for=\"wpforms-205-field_2\" aria-hidden=\"false\">Mensaje <span class=\"wpforms-required-label\" aria-hidden=\"true\">*<\/span><\/label><textarea id=\"wpforms-205-field_2\" class=\"wpforms-field-medium wpforms-field-required\" name=\"wpforms[fields][2]\" placeholder=\"Mensaje\" aria-errormessage=\"wpforms-205-field_2-error\" required><\/textarea><\/div><script>\n\t\t\t\t( function() {\n\t\t\t\t\tconst style = document.createElement( 'style' );\n\t\t\t\t\tstyle.appendChild( document.createTextNode( '#wpforms-205-field_3-container { position: absolute !important; overflow: hidden !important; display: inline !important; height: 1px !important; width: 1px !important; z-index: -1000 !important; padding: 0 !important; } #wpforms-205-field_3-container input { visibility: hidden; } #wpforms-conversational-form-page #wpforms-205-field_3-container label { counter-increment: none; }' ) );\n\t\t\t\t\tdocument.head.appendChild( style );\n\t\t\t\t\tdocument.currentScript?.remove();\n\t\t\t\t} )();\n\t\t\t<\/script><\/div><!-- .wpforms-field-container --><div class=\"wpforms-recaptcha-container wpforms-is-turnstile\" ><div class=\"wpforms-turnstile\" data-sitekey=\"0x4AAAAAABc5A0qRU06O9v3q\" data-action=\"FormID-205\"><\/div><input type=\"text\" name=\"g-recaptcha-hidden\" class=\"wpforms-recaptcha-hidden\" style=\"position:absolute!important;clip:rect(0,0,0,0)!important;height:1px!important;width:1px!important;border:0!important;overflow:hidden!important;padding:0!important;margin:0!important;\" data-rule-turnstile=\"1\"><\/div><div class=\"wpforms-submit-container\" ><input type=\"hidden\" name=\"wpforms[id]\" value=\"205\"><input type=\"hidden\" name=\"page_title\" value=\"\"><input type=\"hidden\" name=\"page_url\" value=\"https:\/\/momentodemaquillaje.com\/en\/wp-json\/wp\/v2\/posts\/8968\"><input type=\"hidden\" name=\"url_referer\" value=\"\"><button type=\"submit\" name=\"wpforms[submit]\" id=\"wpforms-submit-205\" class=\"wpforms-submit\" data-alt-text=\"Enviar...\" data-submit-text=\"Enviar\" aria-live=\"assertive\" value=\"wpforms-submit\">Enviar<\/button><\/div><\/form><\/div>  <!-- .wpforms-container --><\/div><\/div><\/div>\n<\/div><\/div>\n\n\n\n<h3 class=\"wp-block-heading\"><strong>Preguntas Frecuentes sobre Maquillaje a Domicilio cerca de ti en Ensanche, Valencia?<\/strong><\/h3>\n\n\n\n<div class=\"schema-faq wp-block-yoast-faq-block\"><div class=\"schema-faq-section\" id=\"faq-question-1741440104562\"><strong class=\"schema-faq-question\"><strong><strong>\u00bfTe adaptas a mi tipo de piel?<\/strong><\/strong><\/strong> <p class=\"schema-faq-answer\">S\u00ed, siempre. Trabajo con productos adecuados para pieles sensibles, secas, mixtas, maduras\u2026 Lo m\u00e1s importante es que te sientas c\u00f3moda y tu piel se vea cuidada.<\/p> <\/div> <div class=\"schema-faq-section\" id=\"faq-question-1741440309318\"><strong class=\"schema-faq-question\"><strong><strong>\u00bfSe puede reservar para un grupo?<\/strong><\/strong><\/strong> <p class=\"schema-faq-answer\">\u00a1Claro que s\u00ed! Muchas clientas hacen planes con amigas para arreglarse juntas antes de un evento o una sesi\u00f3n de fotos. Es un planazo, la verdad.<\/p> <\/div> <div class=\"schema-faq-section\" id=\"faq-question-1741440321529\"><strong class=\"schema-faq-question\"><strong><strong>\u00bfNecesito tener mis propios productos?<\/strong><\/strong><\/strong> <p class=\"schema-faq-answer\">No, yo llevo todo lo necesario.<\/p> <\/div> <div class=\"schema-faq-section\" id=\"faq-question-1743523184940\"><strong class=\"schema-faq-question\"><strong><strong>\u00bfCu\u00e1nto tiempo dura una sesi\u00f3n?<\/strong><\/strong><\/strong> <p class=\"schema-faq-answer\">Depende del tipo de look, pero normalmente entre 45 minutos y una hora. Todo con calma y bien hecho.<\/p> <\/div> <\/div>\n","protected":false},"excerpt":{"rendered":"<p>\u00a1Bienvenida, primavera! Y bienvenida tambi\u00e9n esa piel que se ve radiante (sin esfuerzo) \u00a1Hola, hola! \ud83c\udf38 Con la primavera ya bien instalada en Valencia, esa luz bonita, los d\u00edas m\u00e1s largos y las ganas de hacer planes al aire libre nos invitan a cambiar un poco el chip. Y, c\u00f3mo no, tambi\u00e9n el maquillaje. Personalmente, [&hellip;]<\/p>\n","protected":false},"author":3,"featured_media":0,"comment_status":"closed","ping_status":"closed","sticky":false,"template":"","format":"standard","meta":{"pgc_sgb_lightbox_settings":"","_joinchat":[],"footnotes":""},"categories":[220],"tags":[],"class_list":["post-8968","post","type-post","status-publish","format-standard","hentry","category-maquillaje-a-domicilio-zonas-y-experiencias"],"blocksy_meta":{"styles_descriptor":{"styles":{"desktop":"","tablet":"","mobile":""},"google_fonts":[],"version":7}},"yoast_head":"<!-- This site is optimized with the Yoast SEO plugin v28.4 - https:\/\/yoast.com\/product\/yoast-seo-wordpress\/ -->\n<title>Maquillaje a domicilio, cerca de ti, en Ensanche - Valencia<\/title>\n<meta name=\"description\" content=\"Descubre c\u00f3mo lograr una piel fresca esta primavera con servicios de maquillaje a domicilio cerca de m\u00ed en Ensanche, Valencia.\" \/>\n<meta name=\"robots\" content=\"index, follow, max-snippet:-1, max-image-preview:large, max-video-preview:-1\" \/>\n<link rel=\"canonical\" href=\"https:\/\/momentodemaquillaje.com\/en\/maquillaje-a-domicilio-en-ensanche-valencia\/\" \/>\n<meta property=\"og:locale\" content=\"en_US\" \/>\n<meta property=\"og:type\" content=\"article\" \/>\n<meta property=\"og:title\" content=\"Maquillaje a domicilio, cerca de ti, en Ensanche - Valencia\" \/>\n<meta property=\"og:description\" content=\"Descubre c\u00f3mo lograr una piel fresca esta primavera con servicios de maquillaje a domicilio cerca de m\u00ed en Ensanche, Valencia.\" \/>\n<meta property=\"og:url\" content=\"https:\/\/momentodemaquillaje.com\/en\/maquillaje-a-domicilio-en-ensanche-valencia\/\" \/>\n<meta property=\"og:site_name\" content=\"Momento de Maquillaje\" \/>\n<meta property=\"article:publisher\" content=\"https:\/\/www.facebook.com\/MomentodeMaquillaje\/\" \/>\n<meta property=\"article:author\" content=\"https:\/\/www.facebook.com\/MomentodeMaquillaje\/\" \/>\n<meta property=\"article:published_time\" content=\"2025-04-11T07:06:14+00:00\" \/>\n<meta property=\"article:modified_time\" content=\"2026-08-28T07:37:02+00:00\" \/>\n<meta property=\"og:image\" content=\"http:\/\/momentodemaquillaje.com\/wp-content\/uploads\/2024\/12\/Maquilladora-Valencia_hero_mobile.webp\" \/>\n<meta name=\"author\" content=\"Madalina Ghizdeanu\" \/>\n<meta name=\"twitter:card\" content=\"summary_large_image\" \/>\n<meta name=\"twitter:label1\" content=\"Written by\" \/>\n\t<meta name=\"twitter:data1\" content=\"Madalina Ghizdeanu\" \/>\n\t<meta name=\"twitter:label2\" content=\"Est. reading time\" \/>\n\t<meta name=\"twitter:data2\" content=\"4 minutes\" \/>\n<script type=\"application\/ld+json\" class=\"yoast-schema-graph\">{\"@context\":\"https:\\\/\\\/schema.org\",\"@graph\":[{\"@type\":\"Article\",\"@id\":\"https:\\\/\\\/momentodemaquillaje.com\\\/maquillaje-a-domicilio-en-ensanche-valencia\\\/#article\",\"isPartOf\":{\"@id\":\"https:\\\/\\\/momentodemaquillaje.com\\\/maquillaje-a-domicilio-en-ensanche-valencia\\\/\"},\"author\":{\"@id\":\"https:\\\/\\\/momentodemaquillaje.com\\\/en\\\/#madalina\"},\"headline\":\"Maquillaje a domicilio en Ensanche, Valencia: Estilos primaverales para una piel fresca\",\"datePublished\":\"2025-04-11T07:06:14+00:00\",\"dateModified\":\"2026-08-28T07:37:02+00:00\",\"mainEntityOfPage\":{\"@id\":\"https:\\\/\\\/momentodemaquillaje.com\\\/maquillaje-a-domicilio-en-ensanche-valencia\\\/\"},\"wordCount\":841,\"publisher\":{\"@id\":\"https:\\\/\\\/momentodemaquillaje.com\\\/en\\\/#organization\"},\"image\":{\"@id\":\"https:\\\/\\\/momentodemaquillaje.com\\\/maquillaje-a-domicilio-en-ensanche-valencia\\\/#primaryimage\"},\"thumbnailUrl\":\"http:\\\/\\\/momentodemaquillaje.com\\\/wp-content\\\/uploads\\\/2024\\\/12\\\/Maquilladora-Valencia_hero_mobile.webp\",\"articleSection\":[\"Maquillaje a domicilio en ciudad Valencia \u2013 zonas y experiencias\"],\"inLanguage\":\"en-US\"},{\"@type\":[\"WebPage\",\"FAQPage\"],\"@id\":\"https:\\\/\\\/momentodemaquillaje.com\\\/maquillaje-a-domicilio-en-ensanche-valencia\\\/\",\"url\":\"https:\\\/\\\/momentodemaquillaje.com\\\/maquillaje-a-domicilio-en-ensanche-valencia\\\/\",\"name\":\"Maquillaje a domicilio, cerca de ti, en Ensanche - Valencia\",\"isPartOf\":{\"@id\":\"https:\\\/\\\/momentodemaquillaje.com\\\/en\\\/#website\"},\"primaryImageOfPage\":{\"@id\":\"https:\\\/\\\/momentodemaquillaje.com\\\/maquillaje-a-domicilio-en-ensanche-valencia\\\/#primaryimage\"},\"image\":{\"@id\":\"https:\\\/\\\/momentodemaquillaje.com\\\/maquillaje-a-domicilio-en-ensanche-valencia\\\/#primaryimage\"},\"thumbnailUrl\":\"http:\\\/\\\/momentodemaquillaje.com\\\/wp-content\\\/uploads\\\/2024\\\/12\\\/Maquilladora-Valencia_hero_mobile.webp\",\"datePublished\":\"2025-04-11T07:06:14+00:00\",\"dateModified\":\"2026-08-28T07:37:02+00:00\",\"description\":\"Descubre c\u00f3mo lograr una piel fresca esta primavera con servicios de maquillaje a domicilio cerca de m\u00ed en Ensanche, Valencia.\",\"breadcrumb\":{\"@id\":\"https:\\\/\\\/momentodemaquillaje.com\\\/maquillaje-a-domicilio-en-ensanche-valencia\\\/#breadcrumb\"},\"mainEntity\":[{\"@id\":\"https:\\\/\\\/momentodemaquillaje.com\\\/maquillaje-a-domicilio-en-ensanche-valencia\\\/#faq-question-1741440104562\"},{\"@id\":\"https:\\\/\\\/momentodemaquillaje.com\\\/maquillaje-a-domicilio-en-ensanche-valencia\\\/#faq-question-1741440309318\"},{\"@id\":\"https:\\\/\\\/momentodemaquillaje.com\\\/maquillaje-a-domicilio-en-ensanche-valencia\\\/#faq-question-1741440321529\"},{\"@id\":\"https:\\\/\\\/momentodemaquillaje.com\\\/maquillaje-a-domicilio-en-ensanche-valencia\\\/#faq-question-1743523184940\"}],\"inLanguage\":\"es\",\"potentialAction\":[{\"@type\":\"ReadAction\",\"target\":[\"https:\\\/\\\/momentodemaquillaje.com\\\/maquillaje-a-domicilio-en-ensanche-valencia\\\/\"]}]},{\"@type\":\"ImageObject\",\"inLanguage\":\"en-US\",\"@id\":\"https:\\\/\\\/momentodemaquillaje.com\\\/maquillaje-a-domicilio-en-ensanche-valencia\\\/#primaryimage\",\"url\":\"http:\\\/\\\/momentodemaquillaje.com\\\/wp-content\\\/uploads\\\/2024\\\/12\\\/Maquilladora-Valencia_hero_mobile.webp\",\"contentUrl\":\"http:\\\/\\\/momentodemaquillaje.com\\\/wp-content\\\/uploads\\\/2024\\\/12\\\/Maquilladora-Valencia_hero_mobile.webp\"},{\"@type\":\"BreadcrumbList\",\"@id\":\"https:\\\/\\\/momentodemaquillaje.com\\\/maquillaje-a-domicilio-en-ensanche-valencia\\\/#breadcrumb\",\"itemListElement\":[{\"@type\":\"ListItem\",\"position\":1,\"name\":\"Inicio\",\"item\":\"https:\\\/\\\/momentodemaquillaje.com\\\/\"},{\"@type\":\"ListItem\",\"position\":2,\"name\":\"Maquillaje a domicilio en Ensanche, Valencia: Estilos primaverales para una piel fresca\"}]},{\"@type\":\"WebSite\",\"@id\":\"https:\\\/\\\/momentodemaquillaje.com\\\/#website\",\"url\":\"https:\\\/\\\/momentodemaquillaje.com\\\/\",\"name\":\"Momento de Maquillaje\",\"description\":\"Maquillaje Profesional Valencia\",\"publisher\":{\"@id\":\"https:\\\/\\\/momentodemaquillaje.com\\\/en\\\/#organization\"},\"potentialAction\":[{\"@type\":\"SearchAction\",\"target\":{\"@type\":\"EntryPoint\",\"urlTemplate\":\"https:\\\/\\\/momentodemaquillaje.com\\\/?s={search_term_string}\"},\"query-input\":{\"@type\":\"PropertyValueSpecification\",\"valueRequired\":true,\"valueName\":\"search_term_string\"}}],\"inLanguage\":\"es\"},{\"@type\":\"Question\",\"@id\":\"https:\\\/\\\/momentodemaquillaje.com\\\/maquillaje-a-domicilio-en-ensanche-valencia\\\/#faq-question-1741440104562\",\"position\":1,\"url\":\"https:\\\/\\\/momentodemaquillaje.com\\\/maquillaje-a-domicilio-en-ensanche-valencia\\\/#faq-question-1741440104562\",\"name\":\"\u00bfTe adaptas a mi tipo de piel?\",\"answerCount\":1,\"acceptedAnswer\":{\"@type\":\"Answer\",\"text\":\"S\u00ed, siempre. Trabajo con productos adecuados para pieles sensibles, secas, mixtas, maduras\u2026 Lo m\u00e1s importante es que te sientas c\u00f3moda y tu piel se vea cuidada.\",\"inLanguage\":\"en-US\"},\"inLanguage\":\"en-US\"},{\"@type\":\"Question\",\"@id\":\"https:\\\/\\\/momentodemaquillaje.com\\\/maquillaje-a-domicilio-en-ensanche-valencia\\\/#faq-question-1741440309318\",\"position\":2,\"url\":\"https:\\\/\\\/momentodemaquillaje.com\\\/maquillaje-a-domicilio-en-ensanche-valencia\\\/#faq-question-1741440309318\",\"name\":\"\u00bfSe puede reservar para un grupo?\",\"answerCount\":1,\"acceptedAnswer\":{\"@type\":\"Answer\",\"text\":\"\u00a1Claro que s\u00ed! Muchas clientas hacen planes con amigas para arreglarse juntas antes de un evento o una sesi\u00f3n de fotos. Es un planazo, la verdad.\",\"inLanguage\":\"en-US\"},\"inLanguage\":\"en-US\"},{\"@type\":\"Question\",\"@id\":\"https:\\\/\\\/momentodemaquillaje.com\\\/maquillaje-a-domicilio-en-ensanche-valencia\\\/#faq-question-1741440321529\",\"position\":3,\"url\":\"https:\\\/\\\/momentodemaquillaje.com\\\/maquillaje-a-domicilio-en-ensanche-valencia\\\/#faq-question-1741440321529\",\"name\":\"\u00bfNecesito tener mis propios productos?\",\"answerCount\":1,\"acceptedAnswer\":{\"@type\":\"Answer\",\"text\":\"No, yo llevo todo lo necesario.\",\"inLanguage\":\"en-US\"},\"inLanguage\":\"en-US\"},{\"@type\":\"Question\",\"@id\":\"https:\\\/\\\/momentodemaquillaje.com\\\/maquillaje-a-domicilio-en-ensanche-valencia\\\/#faq-question-1743523184940\",\"position\":4,\"url\":\"https:\\\/\\\/momentodemaquillaje.com\\\/maquillaje-a-domicilio-en-ensanche-valencia\\\/#faq-question-1743523184940\",\"name\":\"\u00bfCu\u00e1nto tiempo dura una sesi\u00f3n?\",\"answerCount\":1,\"acceptedAnswer\":{\"@type\":\"Answer\",\"text\":\"Depende del tipo de look, pero normalmente entre 45 minutos y una hora. Todo con calma y bien hecho.\",\"inLanguage\":\"en-US\"},\"inLanguage\":\"en-US\"},{\"@type\":[\"Organization\",\"HealthAndBeautyBusiness\"],\"@id\":\"https:\\\/\\\/momentodemaquillaje.com\\\/en\\\/#organization\",\"name\":\"Momento de Maquillaje\",\"alternateName\":\"Momento de Maquillaje \u2014 Maquilladora profesional en Valencia\",\"url\":\"https:\\\/\\\/momentodemaquillaje.com\\\/en\\\/\",\"description\":\"Servicio de maquilladora y estilista profesional a domicilio en Valencia y provincia. Maquillaje y peinado para novias, eventos, sesiones de fotos, publicidad, teatro y cine, adem\u00e1s de cursos de automaquillaje y glitter bar. Los servicios incluyen maquillaje y peinado (recogidos, semirecogidos y ondas); no se realizan cortes ni coloraci\u00f3n.\",\"additionalType\":\"https:\\\/\\\/www.wikidata.org\\\/wiki\\\/Q935666\",\"telephone\":\"+34607016476\",\"email\":\"contact@momentodemaquillaje.com\",\"priceRange\":\"\u20ac\u20ac\",\"currenciesAccepted\":\"EUR\",\"paymentAccepted\":\"Efectivo, Bizum, Transferencia bancaria\",\"knowsLanguage\":[\"es\",\"en\",\"ro\"],\"hasMap\":\"https:\\\/\\\/maps.app.goo.gl\\\/rUs6Fc3JDNfFVrSo6\",\"logo\":{\"@type\":\"ImageObject\",\"@id\":\"https:\\\/\\\/momentodemaquillaje.com\\\/en\\\/#logo\",\"url\":\"https:\\\/\\\/momentodemaquillaje.com\\\/wp-content\\\/uploads\\\/2025\\\/01\\\/Logo-Black-Transparent-MomentoDeMaquillaje.png\",\"contentUrl\":\"https:\\\/\\\/momentodemaquillaje.com\\\/wp-content\\\/uploads\\\/2025\\\/01\\\/Logo-Black-Transparent-MomentoDeMaquillaje.png\",\"caption\":\"Momento de Maquillaje\"},\"image\":[{\"@type\":\"ImageObject\",\"@id\":\"https:\\\/\\\/momentodemaquillaje.com\\\/en\\\/#logo\"},\"https:\\\/\\\/momentodemaquillaje.com\\\/wp-content\\\/uploads\\\/2024\\\/12\\\/inicio-foto-1.webp\"],\"sameAs\":[\"https:\\\/\\\/www.instagram.com\\\/momentodemaquillaje\\\/\",\"https:\\\/\\\/www.facebook.com\\\/MomentodeMaquillaje\\\/\",\"https:\\\/\\\/www.youtube.com\\\/channel\\\/UCfFfcQ9kVvt2TMVCJGdW0Iw\",\"https:\\\/\\\/www.linkedin.com\\\/in\\\/madalina-ghizdeanu\\\/\",\"https:\\\/\\\/es.pinterest.com\\\/momentodemaquillaje\\\/\",\"https:\\\/\\\/www.bodas.net\\\/belleza-novias\\\/madalina-ghizdeanu--e236136\",\"https:\\\/\\\/maps.app.goo.gl\\\/rUs6Fc3JDNfFVrSo6\"],\"areaServed\":[{\"@type\":\"City\",\"@id\":\"https:\\\/\\\/momentodemaquillaje.com\\\/en\\\/#place-valencia\"},{\"@type\":\"Place\",\"@id\":\"https:\\\/\\\/momentodemaquillaje.com\\\/en\\\/#area-alboraya\",\"name\":\"Alboraya\",\"containedInPlace\":{\"@type\":\"AdministrativeArea\",\"@id\":\"https:\\\/\\\/momentodemaquillaje.com\\\/en\\\/#place-provincia-valencia\"}},{\"@type\":\"Place\",\"@id\":\"https:\\\/\\\/momentodemaquillaje.com\\\/en\\\/#area-mislata\",\"name\":\"Mislata\",\"containedInPlace\":{\"@type\":\"AdministrativeArea\",\"@id\":\"https:\\\/\\\/momentodemaquillaje.com\\\/en\\\/#place-provincia-valencia\"}},{\"@type\":\"Place\",\"@id\":\"https:\\\/\\\/momentodemaquillaje.com\\\/en\\\/#area-burjassot\",\"name\":\"Burjassot\",\"containedInPlace\":{\"@type\":\"AdministrativeArea\",\"@id\":\"https:\\\/\\\/momentodemaquillaje.com\\\/en\\\/#place-provincia-valencia\"}},{\"@type\":\"Place\",\"@id\":\"https:\\\/\\\/momentodemaquillaje.com\\\/en\\\/#area-paterna\",\"name\":\"Paterna\",\"containedInPlace\":{\"@type\":\"AdministrativeArea\",\"@id\":\"https:\\\/\\\/momentodemaquillaje.com\\\/en\\\/#place-provincia-valencia\"}},{\"@type\":\"Place\",\"@id\":\"https:\\\/\\\/momentodemaquillaje.com\\\/en\\\/#area-torrent\",\"name\":\"Torrent\",\"containedInPlace\":{\"@type\":\"AdministrativeArea\",\"@id\":\"https:\\\/\\\/momentodemaquillaje.com\\\/en\\\/#place-provincia-valencia\"}},{\"@type\":\"Place\",\"@id\":\"https:\\\/\\\/momentodemaquillaje.com\\\/en\\\/#area-xirivella\",\"name\":\"Xirivella\",\"containedInPlace\":{\"@type\":\"AdministrativeArea\",\"@id\":\"https:\\\/\\\/momentodemaquillaje.com\\\/en\\\/#place-provincia-valencia\"}},{\"@type\":\"Place\",\"@id\":\"https:\\\/\\\/momentodemaquillaje.com\\\/en\\\/#area-quart-de-poblet\",\"name\":\"Quart de Poblet\",\"containedInPlace\":{\"@type\":\"AdministrativeArea\",\"@id\":\"https:\\\/\\\/momentodemaquillaje.com\\\/en\\\/#place-provincia-valencia\"}},{\"@type\":\"Place\",\"@id\":\"https:\\\/\\\/momentodemaquillaje.com\\\/en\\\/#area-alaquas\",\"name\":\"Alaqu\u00e0s\",\"containedInPlace\":{\"@type\":\"AdministrativeArea\",\"@id\":\"https:\\\/\\\/momentodemaquillaje.com\\\/en\\\/#place-provincia-valencia\"}},{\"@type\":\"Place\",\"@id\":\"https:\\\/\\\/momentodemaquillaje.com\\\/en\\\/#area-manises\",\"name\":\"Manises\",\"containedInPlace\":{\"@type\":\"AdministrativeArea\",\"@id\":\"https:\\\/\\\/momentodemaquillaje.com\\\/en\\\/#place-provincia-valencia\"}},{\"@type\":\"Place\",\"@id\":\"https:\\\/\\\/momentodemaquillaje.com\\\/en\\\/#area-paiporta\",\"name\":\"Paiporta\",\"containedInPlace\":{\"@type\":\"AdministrativeArea\",\"@id\":\"https:\\\/\\\/momentodemaquillaje.com\\\/en\\\/#place-provincia-valencia\"}},{\"@type\":\"Place\",\"@id\":\"https:\\\/\\\/momentodemaquillaje.com\\\/en\\\/#area-sagunto\",\"name\":\"Sagunto\",\"containedInPlace\":{\"@type\":\"AdministrativeArea\",\"@id\":\"https:\\\/\\\/momentodemaquillaje.com\\\/en\\\/#place-provincia-valencia\"}},{\"@type\":\"Place\",\"@id\":\"https:\\\/\\\/momentodemaquillaje.com\\\/en\\\/#area-pucol\",\"name\":\"Pu\u00e7ol\",\"containedInPlace\":{\"@type\":\"AdministrativeArea\",\"@id\":\"https:\\\/\\\/momentodemaquillaje.com\\\/en\\\/#place-provincia-valencia\"}},{\"@type\":\"Place\",\"@id\":\"https:\\\/\\\/momentodemaquillaje.com\\\/en\\\/#area-massamagrell\",\"name\":\"Massamagrell\",\"containedInPlace\":{\"@type\":\"AdministrativeArea\",\"@id\":\"https:\\\/\\\/momentodemaquillaje.com\\\/en\\\/#place-provincia-valencia\"}},{\"@type\":\"Place\",\"@id\":\"https:\\\/\\\/momentodemaquillaje.com\\\/en\\\/#area-rocafort\",\"name\":\"Rocafort\",\"containedInPlace\":{\"@type\":\"AdministrativeArea\",\"@id\":\"https:\\\/\\\/momentodemaquillaje.com\\\/en\\\/#place-provincia-valencia\"}},{\"@type\":\"Place\",\"@id\":\"https:\\\/\\\/momentodemaquillaje.com\\\/en\\\/#area-godella\",\"name\":\"Godella\",\"containedInPlace\":{\"@type\":\"AdministrativeArea\",\"@id\":\"https:\\\/\\\/momentodemaquillaje.com\\\/en\\\/#place-provincia-valencia\"}},{\"@type\":\"Place\",\"@id\":\"https:\\\/\\\/momentodemaquillaje.com\\\/en\\\/#area-picassent\",\"name\":\"Picassent\",\"containedInPlace\":{\"@type\":\"AdministrativeArea\",\"@id\":\"https:\\\/\\\/momentodemaquillaje.com\\\/en\\\/#place-provincia-valencia\"}},{\"@type\":\"Place\",\"@id\":\"https:\\\/\\\/momentodemaquillaje.com\\\/en\\\/#area-moncada\",\"name\":\"Moncada\",\"containedInPlace\":{\"@type\":\"AdministrativeArea\",\"@id\":\"https:\\\/\\\/momentodemaquillaje.com\\\/en\\\/#place-provincia-valencia\"}},{\"@type\":\"Place\",\"@id\":\"https:\\\/\\\/momentodemaquillaje.com\\\/en\\\/#area-silla\",\"name\":\"Silla\",\"containedInPlace\":{\"@type\":\"AdministrativeArea\",\"@id\":\"https:\\\/\\\/momentodemaquillaje.com\\\/en\\\/#place-provincia-valencia\"}},{\"@type\":\"Place\",\"@id\":\"https:\\\/\\\/momentodemaquillaje.com\\\/en\\\/#area-catarroja\",\"name\":\"Catarroja\",\"containedInPlace\":{\"@type\":\"AdministrativeArea\",\"@id\":\"https:\\\/\\\/momentodemaquillaje.com\\\/en\\\/#place-provincia-valencia\"}},{\"@type\":\"Place\",\"@id\":\"https:\\\/\\\/momentodemaquillaje.com\\\/en\\\/#area-benetusser\",\"name\":\"Benet\u00fasser\",\"containedInPlace\":{\"@type\":\"AdministrativeArea\",\"@id\":\"https:\\\/\\\/momentodemaquillaje.com\\\/en\\\/#place-provincia-valencia\"}},{\"@type\":\"Place\",\"@id\":\"https:\\\/\\\/momentodemaquillaje.com\\\/en\\\/#area-cullera\",\"name\":\"Cullera\",\"containedInPlace\":{\"@type\":\"AdministrativeArea\",\"@id\":\"https:\\\/\\\/momentodemaquillaje.com\\\/en\\\/#place-provincia-valencia\"}},{\"@type\":\"Place\",\"@id\":\"https:\\\/\\\/momentodemaquillaje.com\\\/en\\\/#area-gandia\",\"name\":\"Gand\u00eda\",\"containedInPlace\":{\"@type\":\"AdministrativeArea\",\"@id\":\"https:\\\/\\\/momentodemaquillaje.com\\\/en\\\/#place-provincia-valencia\"}},{\"@type\":\"Place\",\"@id\":\"https:\\\/\\\/momentodemaquillaje.com\\\/en\\\/#area-alzira\",\"name\":\"Alzira\",\"containedInPlace\":{\"@type\":\"AdministrativeArea\",\"@id\":\"https:\\\/\\\/momentodemaquillaje.com\\\/en\\\/#place-provincia-valencia\"}},{\"@type\":\"Place\",\"@id\":\"https:\\\/\\\/momentodemaquillaje.com\\\/en\\\/#area-sueca\",\"name\":\"Sueca\",\"containedInPlace\":{\"@type\":\"AdministrativeArea\",\"@id\":\"https:\\\/\\\/momentodemaquillaje.com\\\/en\\\/#place-provincia-valencia\"}},{\"@type\":\"Place\",\"@id\":\"https:\\\/\\\/momentodemaquillaje.com\\\/en\\\/#area-ontinyent\",\"name\":\"Ontinyent\",\"containedInPlace\":{\"@type\":\"AdministrativeArea\",\"@id\":\"https:\\\/\\\/momentodemaquillaje.com\\\/en\\\/#place-provincia-valencia\"}},{\"@type\":\"Place\",\"@id\":\"https:\\\/\\\/momentodemaquillaje.com\\\/en\\\/#area-xativa\",\"name\":\"X\u00e0tiva\",\"containedInPlace\":{\"@type\":\"AdministrativeArea\",\"@id\":\"https:\\\/\\\/momentodemaquillaje.com\\\/en\\\/#place-provincia-valencia\"}},{\"@type\":\"Place\",\"@id\":\"https:\\\/\\\/momentodemaquillaje.com\\\/en\\\/#area-requena\",\"name\":\"Requena\",\"containedInPlace\":{\"@type\":\"AdministrativeArea\",\"@id\":\"https:\\\/\\\/momentodemaquillaje.com\\\/en\\\/#place-provincia-valencia\"}},{\"@type\":\"Place\",\"@id\":\"https:\\\/\\\/momentodemaquillaje.com\\\/en\\\/#area-bunol\",\"name\":\"Bu\u00f1ol\",\"containedInPlace\":{\"@type\":\"AdministrativeArea\",\"@id\":\"https:\\\/\\\/momentodemaquillaje.com\\\/en\\\/#place-provincia-valencia\"}},{\"@type\":\"Place\",\"@id\":\"https:\\\/\\\/momentodemaquillaje.com\\\/en\\\/#area-lliria\",\"name\":\"Ll\u00edria\",\"containedInPlace\":{\"@type\":\"AdministrativeArea\",\"@id\":\"https:\\\/\\\/momentodemaquillaje.com\\\/en\\\/#place-provincia-valencia\"}},{\"@type\":\"Place\",\"@id\":\"https:\\\/\\\/momentodemaquillaje.com\\\/en\\\/#area-oliva\",\"name\":\"Oliva\",\"containedInPlace\":{\"@type\":\"AdministrativeArea\",\"@id\":\"https:\\\/\\\/momentodemaquillaje.com\\\/en\\\/#place-provincia-valencia\"}},{\"@type\":\"GeoCircle\",\"@id\":\"https:\\\/\\\/momentodemaquillaje.com\\\/en\\\/#zona-desplazamiento\",\"name\":\"Zona de desplazamiento\",\"geoMidpoint\":{\"@type\":\"GeoCoordinates\",\"latitude\":39.4699,\"longitude\":-0.3763},\"geoRadius\":\"50000\"}],\"openingHoursSpecification\":[{\"@type\":\"OpeningHoursSpecification\",\"dayOfWeek\":[\"Monday\",\"Tuesday\",\"Wednesday\",\"Thursday\",\"Friday\",\"Saturday\",\"Sunday\"],\"opens\":\"00:00\",\"closes\":\"23:59\"}],\"knowsAbout\":[\"Maquillaje de novia\",\"Peinado de novia\",\"Recogidos para novias\",\"Semirecogidos y ondas\",\"Peinados de fiesta\",\"Maquillaje social\",\"Maquillaje a domicilio\",\"Maquillaje con aer\u00f3grafo\",\"Maquillaje de larga duraci\u00f3n\",\"Caracterizaci\u00f3n\",\"Maquillaje para fotograf\u00eda\",\"Maquillaje de pasarela\",\"Automaquillaje\"],\"founder\":{\"@type\":\"Person\",\"@id\":\"https:\\\/\\\/momentodemaquillaje.com\\\/en\\\/#madalina\"},\"employee\":[{\"@type\":\"Person\",\"@id\":\"https:\\\/\\\/momentodemaquillaje.com\\\/en\\\/#madalina\"}],\"contactPoint\":[{\"@type\":\"ContactPoint\",\"@id\":\"https:\\\/\\\/momentodemaquillaje.com\\\/en\\\/#contactpoint\",\"contactType\":\"customer service\",\"telephone\":\"+34607016476\",\"email\":\"contact@momentodemaquillaje.com\",\"availableLanguage\":[\"es\",\"en\",\"ro\"],\"areaServed\":\"ES\",\"url\":\"https:\\\/\\\/momentodemaquillaje.com\\\/en\\\/contacto\\\/\",\"hoursAvailable\":{\"@type\":\"OpeningHoursSpecification\",\"dayOfWeek\":[\"Monday\",\"Tuesday\",\"Wednesday\",\"Thursday\",\"Friday\",\"Saturday\",\"Sunday\"],\"opens\":\"09:00\",\"closes\":\"21:00\",\"name\":\"Reservas y atenci\u00f3n telef\u00f3nica \\\/ WhatsApp\"}},{\"@type\":\"ContactPoint\",\"@id\":\"https:\\\/\\\/momentodemaquillaje.com\\\/en\\\/#whatsapp\",\"name\":\"WhatsApp\",\"contactType\":\"reservations\",\"url\":\"https:\\\/\\\/wa.me\\\/34607016476\",\"telephone\":\"+34607016476\",\"availableLanguage\":[\"es\",\"en\",\"ro\"],\"areaServed\":\"ES\",\"hoursAvailable\":{\"@type\":\"OpeningHoursSpecification\",\"dayOfWeek\":[\"Monday\",\"Tuesday\",\"Wednesday\",\"Thursday\",\"Friday\",\"Saturday\",\"Sunday\"],\"opens\":\"09:00\",\"closes\":\"21:00\"}}],\"hasOfferCatalog\":{\"@type\":\"OfferCatalog\",\"@id\":\"https:\\\/\\\/momentodemaquillaje.com\\\/en\\\/#catalogo-servicios\",\"name\":\"Servicios de maquillaje profesional en Valencia\",\"itemListElement\":[{\"@type\":\"Offer\",\"itemOffered\":{\"@type\":\"Service\",\"@id\":\"https:\\\/\\\/momentodemaquillaje.com\\\/en\\\/#service-bodas\"}},{\"@type\":\"Offer\",\"itemOffered\":{\"@type\":\"Service\",\"@id\":\"https:\\\/\\\/momentodemaquillaje.com\\\/en\\\/#service-domicilio\"}},{\"@type\":\"Offer\",\"itemOffered\":{\"@type\":\"Service\",\"@id\":\"https:\\\/\\\/momentodemaquillaje.com\\\/en\\\/#service-eventos\"}},{\"@type\":\"Offer\",\"itemOffered\":{\"@type\":\"Service\",\"@id\":\"https:\\\/\\\/momentodemaquillaje.com\\\/en\\\/#service-fotos\"}},{\"@type\":\"Offer\",\"itemOffered\":{\"@type\":\"Service\",\"@id\":\"https:\\\/\\\/momentodemaquillaje.com\\\/en\\\/#service-publicidad\"}},{\"@type\":\"Offer\",\"itemOffered\":{\"@type\":\"Service\",\"@id\":\"https:\\\/\\\/momentodemaquillaje.com\\\/en\\\/#service-teatro\"}},{\"@type\":\"Offer\",\"itemOffered\":{\"@type\":\"Service\",\"@id\":\"https:\\\/\\\/momentodemaquillaje.com\\\/en\\\/#service-automaquillaje\"}},{\"@type\":\"Offer\",\"itemOffered\":{\"@type\":\"Service\",\"@id\":\"https:\\\/\\\/momentodemaquillaje.com\\\/en\\\/#service-glitterbar\"}},{\"@type\":\"Offer\",\"itemOffered\":{\"@type\":\"Service\",\"@id\":\"https:\\\/\\\/momentodemaquillaje.com\\\/en\\\/#service-pasarela\"}}]},\"foundingDate\":\"2017\"},{\"@type\":\"Person\",\"@id\":\"https:\\\/\\\/momentodemaquillaje.com\\\/en\\\/#madalina\",\"name\":\"Madalina Ghizdeanu\",\"givenName\":\"Madalina\",\"familyName\":\"Ghizdeanu\",\"url\":\"https:\\\/\\\/momentodemaquillaje.com\\\/en\\\/sobre-mi\\\/\",\"mainEntityOfPage\":{\"@type\":\"WebPage\",\"@id\":\"https:\\\/\\\/momentodemaquillaje.com\\\/en\\\/sobre-mi\\\/\"},\"image\":\"https:\\\/\\\/momentodemaquillaje.com\\\/wp-content\\\/uploads\\\/2024\\\/12\\\/Maquilladora-Valencia_hero_mobile.webp\",\"jobTitle\":\"Maquilladora profesional\",\"description\":\"Maquilladora y estilista profesional con m\u00e1s de 9 a\u00f1os de experiencia y formaci\u00f3n certificada en Espa\u00f1a y Ruman\u00eda. Especializada en maquillaje de novia, social y de caracterizaci\u00f3n para cine y teatro, aplica t\u00e9cnicas de maquillaje esc\u00e9nico \u2014precisi\u00f3n, durabilidad y control de la iluminaci\u00f3n\u2014 al maquillaje social en Valencia.\",\"worksFor\":{\"@type\":\"Organization\",\"@id\":\"https:\\\/\\\/momentodemaquillaje.com\\\/en\\\/#organization\"},\"hasOccupation\":{\"@type\":\"Occupation\",\"name\":\"Maquilladora profesional\",\"occupationalCategory\":\"39-5091.00\"},\"knowsLanguage\":[\"es\",\"en\",\"ro\"],\"knowsAbout\":[\"Maquillaje de novia\",\"Maquillaje con aer\u00f3grafo\",\"Caracterizaci\u00f3n\",\"Maquillaje para cine y teatro\",\"Colorimetr\u00eda\",\"Peluquer\u00eda de novia\"],\"hasCredential\":[{\"@type\":\"EducationalOccupationalCredential\",\"@id\":\"https:\\\/\\\/momentodemaquillaje.com\\\/en\\\/#credential-1\",\"name\":\"T\u00e9cnico Especialista en Maquillaje de Transformaci\u00f3n y Especial\",\"credentialCategory\":\"degree\",\"recognizedBy\":{\"@type\":\"Organization\",\"name\":\"Ministerul Muncii, Rom\u00e2nia\"}},{\"@type\":\"EducationalOccupationalCredential\",\"@id\":\"https:\\\/\\\/momentodemaquillaje.com\\\/en\\\/#credential-2\",\"name\":\"Professional Beauty & Fashion\",\"credentialCategory\":\"certificate\",\"recognizedBy\":{\"@type\":\"Organization\",\"name\":\"Let's Makeup\"},\"dateCreated\":\"2024-07-30\"},{\"@type\":\"EducationalOccupationalCredential\",\"@id\":\"https:\\\/\\\/momentodemaquillaje.com\\\/en\\\/#credential-3\",\"name\":\"Curso Intensivo de Perfeccionamiento en el Maquillaje\",\"credentialCategory\":\"certificate\",\"recognizedBy\":{\"@type\":\"Organization\",\"name\":\"Let's Makeup\"},\"dateCreated\":\"2023-12-03\"},{\"@type\":\"EducationalOccupationalCredential\",\"@id\":\"https:\\\/\\\/momentodemaquillaje.com\\\/en\\\/#credential-4\",\"name\":\"DIMS PRO \u2014 Curso de Especializaci\u00f3n en Maquillaje\",\"credentialCategory\":\"certificate\",\"recognizedBy\":{\"@type\":\"Organization\",\"name\":\"Diana Ionescu Studio\"},\"dateCreated\":\"2017-01-01\"}],\"sameAs\":[\"https:\\\/\\\/www.instagram.com\\\/momentodemaquillaje\\\/\",\"https:\\\/\\\/www.facebook.com\\\/MomentodeMaquillaje\\\/\",\"https:\\\/\\\/www.youtube.com\\\/channel\\\/UCfFfcQ9kVvt2TMVCJGdW0Iw\",\"https:\\\/\\\/www.linkedin.com\\\/in\\\/madalina-ghizdeanu\\\/\",\"https:\\\/\\\/es.pinterest.com\\\/momentodemaquillaje\\\/\",\"https:\\\/\\\/www.bodas.net\\\/belleza-novias\\\/madalina-ghizdeanu--e236136\",\"https:\\\/\\\/maps.app.goo.gl\\\/rUs6Fc3JDNfFVrSo6\"]},{\"@type\":\"City\",\"@id\":\"https:\\\/\\\/momentodemaquillaje.com\\\/en\\\/#place-valencia\",\"name\":\"Valencia\",\"alternateName\":[\"Val\u00e8ncia\",\"Valencia capital\"],\"sameAs\":[\"https:\\\/\\\/www.wikidata.org\\\/wiki\\\/Q8818\",\"https:\\\/\\\/es.wikipedia.org\\\/wiki\\\/Valencia\"],\"geo\":{\"@type\":\"GeoCoordinates\",\"latitude\":39.4699,\"longitude\":-0.3763},\"address\":{\"@type\":\"PostalAddress\",\"addressLocality\":\"Valencia\",\"addressRegion\":\"Comunidad Valenciana\",\"addressCountry\":\"ES\"},\"containedInPlace\":{\"@type\":\"AdministrativeArea\",\"@id\":\"https:\\\/\\\/momentodemaquillaje.com\\\/en\\\/#place-provincia-valencia\"}},{\"@type\":\"AdministrativeArea\",\"@id\":\"https:\\\/\\\/momentodemaquillaje.com\\\/en\\\/#place-provincia-valencia\",\"name\":\"Provincia de Valencia\",\"alternateName\":\"Prov\u00edncia de Val\u00e8ncia\",\"containedInPlace\":{\"@type\":\"AdministrativeArea\",\"@id\":\"https:\\\/\\\/momentodemaquillaje.com\\\/en\\\/#place-comunidad-valenciana\"}},{\"@type\":\"AdministrativeArea\",\"@id\":\"https:\\\/\\\/momentodemaquillaje.com\\\/en\\\/#place-comunidad-valenciana\",\"name\":\"Comunidad Valenciana\",\"alternateName\":\"Comunitat Valenciana\",\"containedInPlace\":{\"@type\":\"Country\",\"name\":\"Espa\u00f1a\"}}]}<\/script>\n<!-- \/ Yoast SEO plugin. -->","yoast_head_json":{"title":"Maquillaje a domicilio, cerca de ti, en Ensanche - Valencia","description":"Descubre c\u00f3mo lograr una piel fresca esta primavera con servicios de maquillaje a domicilio cerca de m\u00ed en Ensanche, Valencia.","robots":{"index":"index","follow":"follow","max-snippet":"max-snippet:-1","max-image-preview":"max-image-preview:large","max-video-preview":"max-video-preview:-1"},"canonical":"https:\/\/momentodemaquillaje.com\/en\/maquillaje-a-domicilio-en-ensanche-valencia\/","og_locale":"en_US","og_type":"article","og_title":"Maquillaje a domicilio, cerca de ti, en Ensanche - Valencia","og_description":"Descubre c\u00f3mo lograr una piel fresca esta primavera con servicios de maquillaje a domicilio cerca de m\u00ed en Ensanche, Valencia.","og_url":"https:\/\/momentodemaquillaje.com\/en\/maquillaje-a-domicilio-en-ensanche-valencia\/","og_site_name":"Momento de Maquillaje","article_publisher":"https:\/\/www.facebook.com\/MomentodeMaquillaje\/","article_author":"https:\/\/www.facebook.com\/MomentodeMaquillaje\/","article_published_time":"2025-04-11T07:06:14+00:00","article_modified_time":"2026-08-28T07:37:02+00:00","og_image":[{"url":"http:\/\/momentodemaquillaje.com\/wp-content\/uploads\/2024\/12\/Maquilladora-Valencia_hero_mobile.webp","type":"","width":"","height":""}],"author":"Madalina Ghizdeanu","twitter_card":"summary_large_image","twitter_misc":{"Written by":"Madalina Ghizdeanu","Est. reading time":"4 minutes"},"schema":{"@context":"https:\/\/schema.org","@graph":[{"@type":"Article","@id":"https:\/\/momentodemaquillaje.com\/maquillaje-a-domicilio-en-ensanche-valencia\/#article","isPartOf":{"@id":"https:\/\/momentodemaquillaje.com\/maquillaje-a-domicilio-en-ensanche-valencia\/"},"author":{"@id":"https:\/\/momentodemaquillaje.com\/en\/#madalina"},"headline":"Maquillaje a domicilio en Ensanche, Valencia: Estilos primaverales para una piel fresca","datePublished":"2025-04-11T07:06:14+00:00","dateModified":"2026-08-28T07:37:02+00:00","mainEntityOfPage":{"@id":"https:\/\/momentodemaquillaje.com\/maquillaje-a-domicilio-en-ensanche-valencia\/"},"wordCount":841,"publisher":{"@id":"https:\/\/momentodemaquillaje.com\/en\/#organization"},"image":{"@id":"https:\/\/momentodemaquillaje.com\/maquillaje-a-domicilio-en-ensanche-valencia\/#primaryimage"},"thumbnailUrl":"http:\/\/momentodemaquillaje.com\/wp-content\/uploads\/2024\/12\/Maquilladora-Valencia_hero_mobile.webp","articleSection":["Maquillaje a domicilio en ciudad Valencia \u2013 zonas y experiencias"],"inLanguage":"en-US"},{"@type":["WebPage","FAQPage"],"@id":"https:\/\/momentodemaquillaje.com\/maquillaje-a-domicilio-en-ensanche-valencia\/","url":"https:\/\/momentodemaquillaje.com\/maquillaje-a-domicilio-en-ensanche-valencia\/","name":"Maquillaje a domicilio, cerca de ti, en Ensanche - Valencia","isPartOf":{"@id":"https:\/\/momentodemaquillaje.com\/en\/#website"},"primaryImageOfPage":{"@id":"https:\/\/momentodemaquillaje.com\/maquillaje-a-domicilio-en-ensanche-valencia\/#primaryimage"},"image":{"@id":"https:\/\/momentodemaquillaje.com\/maquillaje-a-domicilio-en-ensanche-valencia\/#primaryimage"},"thumbnailUrl":"http:\/\/momentodemaquillaje.com\/wp-content\/uploads\/2024\/12\/Maquilladora-Valencia_hero_mobile.webp","datePublished":"2025-04-11T07:06:14+00:00","dateModified":"2026-08-28T07:37:02+00:00","description":"Descubre c\u00f3mo lograr una piel fresca esta primavera con servicios de maquillaje a domicilio cerca de m\u00ed en Ensanche, Valencia.","breadcrumb":{"@id":"https:\/\/momentodemaquillaje.com\/maquillaje-a-domicilio-en-ensanche-valencia\/#breadcrumb"},"mainEntity":[{"@id":"https:\/\/momentodemaquillaje.com\/maquillaje-a-domicilio-en-ensanche-valencia\/#faq-question-1741440104562"},{"@id":"https:\/\/momentodemaquillaje.com\/maquillaje-a-domicilio-en-ensanche-valencia\/#faq-question-1741440309318"},{"@id":"https:\/\/momentodemaquillaje.com\/maquillaje-a-domicilio-en-ensanche-valencia\/#faq-question-1741440321529"},{"@id":"https:\/\/momentodemaquillaje.com\/maquillaje-a-domicilio-en-ensanche-valencia\/#faq-question-1743523184940"}],"inLanguage":"es","potentialAction":[{"@type":"ReadAction","target":["https:\/\/momentodemaquillaje.com\/maquillaje-a-domicilio-en-ensanche-valencia\/"]}]},{"@type":"ImageObject","inLanguage":"en-US","@id":"https:\/\/momentodemaquillaje.com\/maquillaje-a-domicilio-en-ensanche-valencia\/#primaryimage","url":"http:\/\/momentodemaquillaje.com\/wp-content\/uploads\/2024\/12\/Maquilladora-Valencia_hero_mobile.webp","contentUrl":"http:\/\/momentodemaquillaje.com\/wp-content\/uploads\/2024\/12\/Maquilladora-Valencia_hero_mobile.webp"},{"@type":"BreadcrumbList","@id":"https:\/\/momentodemaquillaje.com\/maquillaje-a-domicilio-en-ensanche-valencia\/#breadcrumb","itemListElement":[{"@type":"ListItem","position":1,"name":"Inicio","item":"https:\/\/momentodemaquillaje.com\/"},{"@type":"ListItem","position":2,"name":"Maquillaje a domicilio en Ensanche, Valencia: Estilos primaverales para una piel fresca"}]},{"@type":"WebSite","@id":"https:\/\/momentodemaquillaje.com\/#website","url":"https:\/\/momentodemaquillaje.com\/","name":"Momento de Maquillaje","description":"Professional Makeup Valencia","publisher":{"@id":"https:\/\/momentodemaquillaje.com\/en\/#organization"},"potentialAction":[{"@type":"SearchAction","target":{"@type":"EntryPoint","urlTemplate":"https:\/\/momentodemaquillaje.com\/?s={search_term_string}"},"query-input":{"@type":"PropertyValueSpecification","valueRequired":true,"valueName":"search_term_string"}}],"inLanguage":"es"},{"@type":"Question","@id":"https:\/\/momentodemaquillaje.com\/maquillaje-a-domicilio-en-ensanche-valencia\/#faq-question-1741440104562","position":1,"url":"https:\/\/momentodemaquillaje.com\/maquillaje-a-domicilio-en-ensanche-valencia\/#faq-question-1741440104562","name":"Do you suit my skin type?","answerCount":1,"acceptedAnswer":{"@type":"Answer","text":"S\u00ed, siempre. Trabajo con productos adecuados para pieles sensibles, secas, mixtas, maduras\u2026 Lo m\u00e1s importante es que te sientas c\u00f3moda y tu piel se vea cuidada.","inLanguage":"en-US"},"inLanguage":"en-US"},{"@type":"Question","@id":"https:\/\/momentodemaquillaje.com\/maquillaje-a-domicilio-en-ensanche-valencia\/#faq-question-1741440309318","position":2,"url":"https:\/\/momentodemaquillaje.com\/maquillaje-a-domicilio-en-ensanche-valencia\/#faq-question-1741440309318","name":"Can I book for a group?","answerCount":1,"acceptedAnswer":{"@type":"Answer","text":"\u00a1Claro que s\u00ed! Muchas clientas hacen planes con amigas para arreglarse juntas antes de un evento o una sesi\u00f3n de fotos. Es un planazo, la verdad.","inLanguage":"en-US"},"inLanguage":"en-US"},{"@type":"Question","@id":"https:\/\/momentodemaquillaje.com\/maquillaje-a-domicilio-en-ensanche-valencia\/#faq-question-1741440321529","position":3,"url":"https:\/\/momentodemaquillaje.com\/maquillaje-a-domicilio-en-ensanche-valencia\/#faq-question-1741440321529","name":"Do I need to have my own products?","answerCount":1,"acceptedAnswer":{"@type":"Answer","text":"No, yo llevo todo lo necesario.","inLanguage":"en-US"},"inLanguage":"en-US"},{"@type":"Question","@id":"https:\/\/momentodemaquillaje.com\/maquillaje-a-domicilio-en-ensanche-valencia\/#faq-question-1743523184940","position":4,"url":"https:\/\/momentodemaquillaje.com\/maquillaje-a-domicilio-en-ensanche-valencia\/#faq-question-1743523184940","name":"How long does a session last?","answerCount":1,"acceptedAnswer":{"@type":"Answer","text":"Depende del tipo de look, pero normalmente entre 45 minutos y una hora. Todo con calma y bien hecho.","inLanguage":"en-US"},"inLanguage":"en-US"},{"@type":["Organization","HealthAndBeautyBusiness"],"@id":"https:\/\/momentodemaquillaje.com\/en\/#organization","name":"Momento de Maquillaje","alternateName":"Momento de Maquillaje \u2014 Maquilladora profesional en Valencia","url":"https:\/\/momentodemaquillaje.com\/en\/","description":"Professional makeup artist and hairstylist services available at your home in Valencia and the surrounding province. Makeup and hairstyling for brides, events, photoshoots, advertising, theater, and film, as well as self-makeup courses and glitter bar sessions. Services include makeup and hairstyling (updos, half-updos, and waves); haircuts and coloring are not included.","additionalType":"https:\/\/www.wikidata.org\/wiki\/Q935666","telephone":"+34607016476","email":"contact@momentodemaquillaje.com","priceRange":"\u20ac\u20ac","currenciesAccepted":"EUR","paymentAccepted":"Efectivo, Bizum, Transferencia bancaria","knowsLanguage":["es","en","ro"],"hasMap":"https:\/\/maps.app.goo.gl\/rUs6Fc3JDNfFVrSo6","logo":{"@type":"ImageObject","@id":"https:\/\/momentodemaquillaje.com\/en\/#logo","url":"https:\/\/momentodemaquillaje.com\/wp-content\/uploads\/2025\/01\/Logo-Black-Transparent-MomentoDeMaquillaje.png","contentUrl":"https:\/\/momentodemaquillaje.com\/wp-content\/uploads\/2025\/01\/Logo-Black-Transparent-MomentoDeMaquillaje.png","caption":"Momento de Maquillaje"},"image":[{"@type":"ImageObject","@id":"https:\/\/momentodemaquillaje.com\/en\/#logo"},"https:\/\/momentodemaquillaje.com\/wp-content\/uploads\/2024\/12\/inicio-foto-1.webp"],"sameAs":["https:\/\/www.instagram.com\/momentodemaquillaje\/","https:\/\/www.facebook.com\/MomentodeMaquillaje\/","https:\/\/www.youtube.com\/channel\/UCfFfcQ9kVvt2TMVCJGdW0Iw","https:\/\/www.linkedin.com\/in\/madalina-ghizdeanu\/","https:\/\/es.pinterest.com\/momentodemaquillaje\/","https:\/\/www.bodas.net\/belleza-novias\/madalina-ghizdeanu--e236136","https:\/\/maps.app.goo.gl\/rUs6Fc3JDNfFVrSo6"],"areaServed":[{"@type":"City","@id":"https:\/\/momentodemaquillaje.com\/en\/#place-valencia"},{"@type":"Place","@id":"https:\/\/momentodemaquillaje.com\/en\/#area-alboraya","name":"Alboraya","containedInPlace":{"@type":"AdministrativeArea","@id":"https:\/\/momentodemaquillaje.com\/en\/#place-provincia-valencia"}},{"@type":"Place","@id":"https:\/\/momentodemaquillaje.com\/en\/#area-mislata","name":"Mislata","containedInPlace":{"@type":"AdministrativeArea","@id":"https:\/\/momentodemaquillaje.com\/en\/#place-provincia-valencia"}},{"@type":"Place","@id":"https:\/\/momentodemaquillaje.com\/en\/#area-burjassot","name":"Burjassot","containedInPlace":{"@type":"AdministrativeArea","@id":"https:\/\/momentodemaquillaje.com\/en\/#place-provincia-valencia"}},{"@type":"Place","@id":"https:\/\/momentodemaquillaje.com\/en\/#area-paterna","name":"Paterna","containedInPlace":{"@type":"AdministrativeArea","@id":"https:\/\/momentodemaquillaje.com\/en\/#place-provincia-valencia"}},{"@type":"Place","@id":"https:\/\/momentodemaquillaje.com\/en\/#area-torrent","name":"Torrent","containedInPlace":{"@type":"AdministrativeArea","@id":"https:\/\/momentodemaquillaje.com\/en\/#place-provincia-valencia"}},{"@type":"Place","@id":"https:\/\/momentodemaquillaje.com\/en\/#area-xirivella","name":"Xirivella","containedInPlace":{"@type":"AdministrativeArea","@id":"https:\/\/momentodemaquillaje.com\/en\/#place-provincia-valencia"}},{"@type":"Place","@id":"https:\/\/momentodemaquillaje.com\/en\/#area-quart-de-poblet","name":"Quart de Poblet","containedInPlace":{"@type":"AdministrativeArea","@id":"https:\/\/momentodemaquillaje.com\/en\/#place-provincia-valencia"}},{"@type":"Place","@id":"https:\/\/momentodemaquillaje.com\/en\/#area-alaquas","name":"Alaqu\u00e0s","containedInPlace":{"@type":"AdministrativeArea","@id":"https:\/\/momentodemaquillaje.com\/en\/#place-provincia-valencia"}},{"@type":"Place","@id":"https:\/\/momentodemaquillaje.com\/en\/#area-manises","name":"Manises","containedInPlace":{"@type":"AdministrativeArea","@id":"https:\/\/momentodemaquillaje.com\/en\/#place-provincia-valencia"}},{"@type":"Place","@id":"https:\/\/momentodemaquillaje.com\/en\/#area-paiporta","name":"Paiporta","containedInPlace":{"@type":"AdministrativeArea","@id":"https:\/\/momentodemaquillaje.com\/en\/#place-provincia-valencia"}},{"@type":"Place","@id":"https:\/\/momentodemaquillaje.com\/en\/#area-sagunto","name":"Sagunto","containedInPlace":{"@type":"AdministrativeArea","@id":"https:\/\/momentodemaquillaje.com\/en\/#place-provincia-valencia"}},{"@type":"Place","@id":"https:\/\/momentodemaquillaje.com\/en\/#area-pucol","name":"Pu\u00e7ol","containedInPlace":{"@type":"AdministrativeArea","@id":"https:\/\/momentodemaquillaje.com\/en\/#place-provincia-valencia"}},{"@type":"Place","@id":"https:\/\/momentodemaquillaje.com\/en\/#area-massamagrell","name":"Massamagrell","containedInPlace":{"@type":"AdministrativeArea","@id":"https:\/\/momentodemaquillaje.com\/en\/#place-provincia-valencia"}},{"@type":"Place","@id":"https:\/\/momentodemaquillaje.com\/en\/#area-rocafort","name":"Rocafort","containedInPlace":{"@type":"AdministrativeArea","@id":"https:\/\/momentodemaquillaje.com\/en\/#place-provincia-valencia"}},{"@type":"Place","@id":"https:\/\/momentodemaquillaje.com\/en\/#area-godella","name":"Godella","containedInPlace":{"@type":"AdministrativeArea","@id":"https:\/\/momentodemaquillaje.com\/en\/#place-provincia-valencia"}},{"@type":"Place","@id":"https:\/\/momentodemaquillaje.com\/en\/#area-picassent","name":"Picassent","containedInPlace":{"@type":"AdministrativeArea","@id":"https:\/\/momentodemaquillaje.com\/en\/#place-provincia-valencia"}},{"@type":"Place","@id":"https:\/\/momentodemaquillaje.com\/en\/#area-moncada","name":"Moncada","containedInPlace":{"@type":"AdministrativeArea","@id":"https:\/\/momentodemaquillaje.com\/en\/#place-provincia-valencia"}},{"@type":"Place","@id":"https:\/\/momentodemaquillaje.com\/en\/#area-silla","name":"Silla","containedInPlace":{"@type":"AdministrativeArea","@id":"https:\/\/momentodemaquillaje.com\/en\/#place-provincia-valencia"}},{"@type":"Place","@id":"https:\/\/momentodemaquillaje.com\/en\/#area-catarroja","name":"Catarroja","containedInPlace":{"@type":"AdministrativeArea","@id":"https:\/\/momentodemaquillaje.com\/en\/#place-provincia-valencia"}},{"@type":"Place","@id":"https:\/\/momentodemaquillaje.com\/en\/#area-benetusser","name":"Benet\u00fasser","containedInPlace":{"@type":"AdministrativeArea","@id":"https:\/\/momentodemaquillaje.com\/en\/#place-provincia-valencia"}},{"@type":"Place","@id":"https:\/\/momentodemaquillaje.com\/en\/#area-cullera","name":"Cullera","containedInPlace":{"@type":"AdministrativeArea","@id":"https:\/\/momentodemaquillaje.com\/en\/#place-provincia-valencia"}},{"@type":"Place","@id":"https:\/\/momentodemaquillaje.com\/en\/#area-gandia","name":"Gand\u00eda","containedInPlace":{"@type":"AdministrativeArea","@id":"https:\/\/momentodemaquillaje.com\/en\/#place-provincia-valencia"}},{"@type":"Place","@id":"https:\/\/momentodemaquillaje.com\/en\/#area-alzira","name":"Alzira","containedInPlace":{"@type":"AdministrativeArea","@id":"https:\/\/momentodemaquillaje.com\/en\/#place-provincia-valencia"}},{"@type":"Place","@id":"https:\/\/momentodemaquillaje.com\/en\/#area-sueca","name":"Sueca","containedInPlace":{"@type":"AdministrativeArea","@id":"https:\/\/momentodemaquillaje.com\/en\/#place-provincia-valencia"}},{"@type":"Place","@id":"https:\/\/momentodemaquillaje.com\/en\/#area-ontinyent","name":"Ontinyent","containedInPlace":{"@type":"AdministrativeArea","@id":"https:\/\/momentodemaquillaje.com\/en\/#place-provincia-valencia"}},{"@type":"Place","@id":"https:\/\/momentodemaquillaje.com\/en\/#area-xativa","name":"X\u00e0tiva","containedInPlace":{"@type":"AdministrativeArea","@id":"https:\/\/momentodemaquillaje.com\/en\/#place-provincia-valencia"}},{"@type":"Place","@id":"https:\/\/momentodemaquillaje.com\/en\/#area-requena","name":"Requena","containedInPlace":{"@type":"AdministrativeArea","@id":"https:\/\/momentodemaquillaje.com\/en\/#place-provincia-valencia"}},{"@type":"Place","@id":"https:\/\/momentodemaquillaje.com\/en\/#area-bunol","name":"Bu\u00f1ol","containedInPlace":{"@type":"AdministrativeArea","@id":"https:\/\/momentodemaquillaje.com\/en\/#place-provincia-valencia"}},{"@type":"Place","@id":"https:\/\/momentodemaquillaje.com\/en\/#area-lliria","name":"Ll\u00edria","containedInPlace":{"@type":"AdministrativeArea","@id":"https:\/\/momentodemaquillaje.com\/en\/#place-provincia-valencia"}},{"@type":"Place","@id":"https:\/\/momentodemaquillaje.com\/en\/#area-oliva","name":"Oliva","containedInPlace":{"@type":"AdministrativeArea","@id":"https:\/\/momentodemaquillaje.com\/en\/#place-provincia-valencia"}},{"@type":"GeoCircle","@id":"https:\/\/momentodemaquillaje.com\/en\/#zona-desplazamiento","name":"Zona de desplazamiento","geoMidpoint":{"@type":"GeoCoordinates","latitude":39.4699,"longitude":-0.3763},"geoRadius":"50000"}],"openingHoursSpecification":[{"@type":"OpeningHoursSpecification","dayOfWeek":["Monday","Tuesday","Wednesday","Thursday","Friday","Saturday","Sunday"],"opens":"00:00","closes":"23:59"}],"knowsAbout":["Maquillaje de novia","Peinado de novia","Recogidos para novias","Semirecogidos y ondas","Peinados de fiesta","Maquillaje social","Maquillaje a domicilio","Maquillaje con aer\u00f3grafo","Maquillaje de larga duraci\u00f3n","Caracterizaci\u00f3n","Maquillaje para fotograf\u00eda","Maquillaje de pasarela","Automaquillaje"],"founder":{"@type":"Person","@id":"https:\/\/momentodemaquillaje.com\/en\/#madalina"},"employee":[{"@type":"Person","@id":"https:\/\/momentodemaquillaje.com\/en\/#madalina"}],"contactPoint":[{"@type":"ContactPoint","@id":"https:\/\/momentodemaquillaje.com\/en\/#contactpoint","contactType":"customer service","telephone":"+34607016476","email":"contact@momentodemaquillaje.com","availableLanguage":["es","en","ro"],"areaServed":"ES","url":"https:\/\/momentodemaquillaje.com\/en\/contacto\/","hoursAvailable":{"@type":"OpeningHoursSpecification","dayOfWeek":["Monday","Tuesday","Wednesday","Thursday","Friday","Saturday","Sunday"],"opens":"09:00","closes":"21:00","name":"Reservas y atenci\u00f3n telef\u00f3nica \/ WhatsApp"}},{"@type":"ContactPoint","@id":"https:\/\/momentodemaquillaje.com\/en\/#whatsapp","name":"WhatsApp","contactType":"reservations","url":"https:\/\/wa.me\/34607016476","telephone":"+34607016476","availableLanguage":["es","en","ro"],"areaServed":"ES","hoursAvailable":{"@type":"OpeningHoursSpecification","dayOfWeek":["Monday","Tuesday","Wednesday","Thursday","Friday","Saturday","Sunday"],"opens":"09:00","closes":"21:00"}}],"hasOfferCatalog":{"@type":"OfferCatalog","@id":"https:\/\/momentodemaquillaje.com\/en\/#catalogo-servicios","name":"Servicios de maquillaje profesional en Valencia","itemListElement":[{"@type":"Offer","itemOffered":{"@type":"Service","@id":"https:\/\/momentodemaquillaje.com\/en\/#service-bodas"}},{"@type":"Offer","itemOffered":{"@type":"Service","@id":"https:\/\/momentodemaquillaje.com\/en\/#service-domicilio"}},{"@type":"Offer","itemOffered":{"@type":"Service","@id":"https:\/\/momentodemaquillaje.com\/en\/#service-eventos"}},{"@type":"Offer","itemOffered":{"@type":"Service","@id":"https:\/\/momentodemaquillaje.com\/en\/#service-fotos"}},{"@type":"Offer","itemOffered":{"@type":"Service","@id":"https:\/\/momentodemaquillaje.com\/en\/#service-publicidad"}},{"@type":"Offer","itemOffered":{"@type":"Service","@id":"https:\/\/momentodemaquillaje.com\/en\/#service-teatro"}},{"@type":"Offer","itemOffered":{"@type":"Service","@id":"https:\/\/momentodemaquillaje.com\/en\/#service-automaquillaje"}},{"@type":"Offer","itemOffered":{"@type":"Service","@id":"https:\/\/momentodemaquillaje.com\/en\/#service-glitterbar"}},{"@type":"Offer","itemOffered":{"@type":"Service","@id":"https:\/\/momentodemaquillaje.com\/en\/#service-pasarela"}}]},"foundingDate":"2017"},{"@type":"Person","@id":"https:\/\/momentodemaquillaje.com\/en\/#madalina","name":"Madalina Ghizdeanu","givenName":"Madalina","familyName":"Ghizdeanu","url":"https:\/\/momentodemaquillaje.com\/en\/sobre-mi\/","mainEntityOfPage":{"@type":"WebPage","@id":"https:\/\/momentodemaquillaje.com\/en\/sobre-mi\/"},"image":"https:\/\/momentodemaquillaje.com\/wp-content\/uploads\/2024\/12\/Maquilladora-Valencia_hero_mobile.webp","jobTitle":"Maquilladora profesional","description":"Professional makeup artist and stylist with over 9 years of experience and certified training in Spain and Romania. Specializing in bridal, special occasion, and character makeup for film and theater, she applies stage makeup techniques\u2014precision, durability, and lighting control\u2014to makeup for special occasions in Valencia.","worksFor":{"@type":"Organization","@id":"https:\/\/momentodemaquillaje.com\/en\/#organization"},"hasOccupation":{"@type":"Occupation","name":"Maquilladora profesional","occupationalCategory":"39-5091.00"},"knowsLanguage":["es","en","ro"],"knowsAbout":["Maquillaje de novia","Maquillaje con aer\u00f3grafo","Caracterizaci\u00f3n","Maquillaje para cine y teatro","Colorimetr\u00eda","Peluquer\u00eda de novia"],"hasCredential":[{"@type":"EducationalOccupationalCredential","@id":"https:\/\/momentodemaquillaje.com\/en\/#credential-1","name":"T\u00e9cnico Especialista en Maquillaje de Transformaci\u00f3n y Especial","credentialCategory":"degree","recognizedBy":{"@type":"Organization","name":"Ministerul Muncii, Rom\u00e2nia"}},{"@type":"EducationalOccupationalCredential","@id":"https:\/\/momentodemaquillaje.com\/en\/#credential-2","name":"Professional Beauty & Fashion","credentialCategory":"certificate","recognizedBy":{"@type":"Organization","name":"Let's Makeup"},"dateCreated":"2024-07-30"},{"@type":"EducationalOccupationalCredential","@id":"https:\/\/momentodemaquillaje.com\/en\/#credential-3","name":"Curso Intensivo de Perfeccionamiento en el Maquillaje","credentialCategory":"certificate","recognizedBy":{"@type":"Organization","name":"Let's Makeup"},"dateCreated":"2023-12-03"},{"@type":"EducationalOccupationalCredential","@id":"https:\/\/momentodemaquillaje.com\/en\/#credential-4","name":"DIMS PRO \u2014 Curso de Especializaci\u00f3n en Maquillaje","credentialCategory":"certificate","recognizedBy":{"@type":"Organization","name":"Diana Ionescu Studio"},"dateCreated":"2017-01-01"}],"sameAs":["https:\/\/www.instagram.com\/momentodemaquillaje\/","https:\/\/www.facebook.com\/MomentodeMaquillaje\/","https:\/\/www.youtube.com\/channel\/UCfFfcQ9kVvt2TMVCJGdW0Iw","https:\/\/www.linkedin.com\/in\/madalina-ghizdeanu\/","https:\/\/es.pinterest.com\/momentodemaquillaje\/","https:\/\/www.bodas.net\/belleza-novias\/madalina-ghizdeanu--e236136","https:\/\/maps.app.goo.gl\/rUs6Fc3JDNfFVrSo6"]},{"@type":"City","@id":"https:\/\/momentodemaquillaje.com\/en\/#place-valencia","name":"Valencia","alternateName":["Val\u00e8ncia","Valencia capital"],"sameAs":["https:\/\/www.wikidata.org\/wiki\/Q8818","https:\/\/es.wikipedia.org\/wiki\/Valencia"],"geo":{"@type":"GeoCoordinates","latitude":39.4699,"longitude":-0.3763},"address":{"@type":"PostalAddress","addressLocality":"Valencia","addressRegion":"Comunidad Valenciana","addressCountry":"ES"},"containedInPlace":{"@type":"AdministrativeArea","@id":"https:\/\/momentodemaquillaje.com\/en\/#place-provincia-valencia"}},{"@type":"AdministrativeArea","@id":"https:\/\/momentodemaquillaje.com\/en\/#place-provincia-valencia","name":"Province of Valencia","alternateName":"Prov\u00edncia de Val\u00e8ncia","containedInPlace":{"@type":"AdministrativeArea","@id":"https:\/\/momentodemaquillaje.com\/en\/#place-comunidad-valenciana"}},{"@type":"AdministrativeArea","@id":"https:\/\/momentodemaquillaje.com\/en\/#place-comunidad-valenciana","name":"Valencian Community","alternateName":"Comunitat Valenciana","containedInPlace":{"@type":"Country","name":"Espa\u00f1a"}}]}},"_links":{"self":[{"href":"https:\/\/momentodemaquillaje.com\/en\/wp-json\/wp\/v2\/posts\/8968","targetHints":{"allow":["GET"]}}],"collection":[{"href":"https:\/\/momentodemaquillaje.com\/en\/wp-json\/wp\/v2\/posts"}],"about":[{"href":"https:\/\/momentodemaquillaje.com\/en\/wp-json\/wp\/v2\/types\/post"}],"author":[{"embeddable":true,"href":"https:\/\/momentodemaquillaje.com\/en\/wp-json\/wp\/v2\/users\/3"}],"replies":[{"embeddable":true,"href":"https:\/\/momentodemaquillaje.com\/en\/wp-json\/wp\/v2\/comments?post=8968"}],"version-history":[{"count":6,"href":"https:\/\/momentodemaquillaje.com\/en\/wp-json\/wp\/v2\/posts\/8968\/revisions"}],"predecessor-version":[{"id":10425,"href":"https:\/\/momentodemaquillaje.com\/en\/wp-json\/wp\/v2\/posts\/8968\/revisions\/10425"}],"wp:attachment":[{"href":"https:\/\/momentodemaquillaje.com\/en\/wp-json\/wp\/v2\/media?parent=8968"}],"wp:term":[{"taxonomy":"category","embeddable":true,"href":"https:\/\/momentodemaquillaje.com\/en\/wp-json\/wp\/v2\/categories?post=8968"},{"taxonomy":"post_tag","embeddable":true,"href":"https:\/\/momentodemaquillaje.com\/en\/wp-json\/wp\/v2\/tags?post=8968"}],"curies":[{"name":"wp","href":"https:\/\/api.w.org\/{rel}","templated":true}]}}